{"id":8506,"date":"2017-04-26T17:08:26","date_gmt":"2017-04-26T17:08:26","guid":{"rendered":"https:\/\/www.gruporecoletas.com\/?p=8506"},"modified":"2019-03-05T10:49:52","modified_gmt":"2019-03-05T10:49:52","slug":"dia-nacional-la-fibrosis-quistica","status":"publish","type":"post","link":"https:\/\/www.gruporecoletas.com\/noticias\/dia-nacional-la-fibrosis-quistica\/","title":{"rendered":"D\u00eda nacional de la Fibrosis Qu\u00edstica"},"content":{"rendered":"<div class=\"\">Hoy se celebra el\u00a0 <span class=\"\">#<b class=\"\">DiaNacionalFibrosisQuistica<\/b><\/span> y queremos mandar todo nuestro apoyo a las personas que padecen la enfermedad.<\/div>\n<div class=\"\"><\/div>\n<div class=\"\">Se trata de una <strong>enfermedad gen\u00e9tica<\/strong> que afecta aproximadamente <strong>1 de cada 5.000<\/strong> nacimientos en Espa\u00f1a, seg\u00fan la <strong>Asociaci\u00f3n Espa\u00f1ola de Fibrosis Qu\u00edstica.<\/strong><\/div>\n<div class=\"\"><\/div>\n<div class=\"\">La <strong>Fibrosis Qu\u00edstica<\/strong> produce que no funcionen correctamente las gl\u00e1ndulas que se localizan en las mucosas del cuerpo, formando una mucosidad muy dura, que obstruye los conductos de salida de las gl\u00e1ndulas y otros \u00f3rganos afectados, sobre todo pulmones y los \u00f3rganos digestivos.<\/div>\n<div class=\"\"><\/div>\n<div class=\"\">La <strong>formaci\u00f3n de mucosidad<\/strong> disminuye la funci\u00f3n pulmonar provocando infecciones en las v\u00edas respiratorias. Si afecta al aparato digestivo produce diarrea, trastornos digestivos y dolor abdominal. En los ni\u00f1os produce trastornos de crecimiento, con un insuficiente aumento de peso.<\/div>\n<div class=\"\"><\/div>\n<div class=\"\">Es necesario un <strong>an\u00e1lisis gen\u00e9tico<\/strong> para diagnosticar la enfermedad, y se realiza con la amniocentesis durante el embarazo. Tambi\u00e9n se puede realizar el <strong>test del sudor<\/strong>, test postnatal, que detecta una salinidad elevada, siendo muy aclaratorio.<\/div>\n<div class=\"\"><\/div>\n<div class=\"\"><strong>No tiene cura<\/strong> por lo que el tratamiento esta orientado a los s\u00edntomas, empleando diversos medicamentos y fisioterapia.<\/div>\n<div class=\"\"><\/div>\n<div class=\"\">Este cortometraje realizado por Cystic Fibrosis Trust (<a class=\"\" href=\"http:\/\/www.cftrust.org.uk\/\" target=\"_blank\" rel=\"noopener noreferrer\">www.cftrust.org.uk<\/a>) sirve para <strong>ayudar a comprender a los ni\u00f1os con Fibrosis Qu\u00edstica<\/strong>\u00a0su enfermedad y poder explicar a otros ni\u00f1os en qu\u00e9 consiste. Audio doblado al espa\u00f1ol.<\/div>\n<div class=\"\">\n<p><iframe loading=\"lazy\" title=\"Curioseando sobre la FQ con Oli y Nush (espa\u00f1ol)\" width=\"500\" height=\"281\" src=\"https:\/\/www.youtube.com\/embed\/nr-fSKpcXYg?feature=oembed\" frameborder=\"0\" allow=\"accelerometer; autoplay; clipboard-write; encrypted-media; gyroscope; picture-in-picture; web-share\" referrerpolicy=\"strict-origin-when-cross-origin\" allowfullscreen><\/iframe><\/p>\n<\/div>\n","protected":false},"excerpt":{"rendered":"<p>Hoy se celebra el\u00a0 #DiaNacionalFibrosisQuistica y queremos mandar todo nuestro apoyo a las personas que padecen la enfermedad. Se trata de una enfermedad gen\u00e9tica que afecta aproximadamente 1 de cada 5.000 nacimientos en Espa\u00f1a, seg\u00fan la Asociaci\u00f3n Espa\u00f1ola de Fibrosis Qu\u00edstica. La Fibrosis Qu\u00edstica produce que no funcionen correctamente las gl\u00e1ndulas que se localizan en [&hellip;]<\/p>\n","protected":false},"author":2,"featured_media":8507,"comment_status":"closed","ping_status":"closed","sticky":false,"template":"","format":"standard","meta":{"_acf_changed":false,"footnotes":""},"categories":[50],"tags":[],"class_list":["post-8506","post","type-post","status-publish","format-standard","has-post-thumbnail","hentry","category-patologias"],"acf":[],"yoast_head":"<!-- This site is optimized with the Yoast SEO Premium plugin v27.3 (Yoast SEO v27.3) - https:\/\/yoast.com\/product\/yoast-seo-premium-wordpress\/ -->\n<title>D\u00eda nacional de la Fibrosis Qu\u00edstica - Noticias Grupo Recoletas<\/title>\n<meta name=\"robots\" content=\"index, follow, max-snippet:-1, max-image-preview:large, max-video-preview:-1\" \/>\n<link rel=\"canonical\" href=\"https:\/\/www.gruporecoletas.com\/noticias\/dia-nacional-la-fibrosis-quistica\/\" \/>\n<meta property=\"og:locale\" content=\"es_ES\" \/>\n<meta property=\"og:type\" content=\"article\" \/>\n<meta property=\"og:title\" content=\"D\u00eda nacional de la Fibrosis Qu\u00edstica\" \/>\n<meta property=\"og:description\" content=\"Hoy se celebra el\u00a0 #DiaNacionalFibrosisQuistica y queremos mandar todo nuestro apoyo a las personas que padecen la enfermedad. Se trata de una enfermedad gen\u00e9tica que afecta aproximadamente 1 de cada 5.000 nacimientos en Espa\u00f1a, seg\u00fan la Asociaci\u00f3n Espa\u00f1ola de Fibrosis Qu\u00edstica. La Fibrosis Qu\u00edstica produce que no funcionen correctamente las gl\u00e1ndulas que se localizan en [&hellip;]\" \/>\n<meta property=\"og:url\" content=\"https:\/\/www.gruporecoletas.com\/noticias\/dia-nacional-la-fibrosis-quistica\/\" \/>\n<meta property=\"og:site_name\" content=\"Noticias Grupo Recoletas\" \/>\n<meta property=\"article:publisher\" content=\"https:\/\/www.facebook.com\/GrupoRecoletas\/\" \/>\n<meta property=\"article:published_time\" content=\"2017-04-26T17:08:26+00:00\" \/>\n<meta property=\"article:modified_time\" content=\"2019-03-05T10:49:52+00:00\" \/>\n<meta property=\"og:image\" content=\"https:\/\/www.gruporecoletas.com\/noticias\/wp-content\/uploads\/2017\/04\/soap-bubbles-870342_1920.jpg\" \/>\n\t<meta property=\"og:image:width\" content=\"1920\" \/>\n\t<meta property=\"og:image:height\" content=\"1079\" \/>\n\t<meta property=\"og:image:type\" content=\"image\/jpeg\" \/>\n<meta name=\"author\" content=\"Recoletas Red Hospitalaria\" \/>\n<meta name=\"twitter:card\" content=\"summary_large_image\" \/>\n<meta name=\"twitter:creator\" content=\"@GrupoRecoletas\" \/>\n<meta name=\"twitter:site\" content=\"@GrupoRecoletas\" \/>\n<meta name=\"twitter:label1\" content=\"Escrito por\" \/>\n\t<meta name=\"twitter:data1\" content=\"Recoletas Red Hospitalaria\" \/>\n\t<meta name=\"twitter:label2\" content=\"Tiempo de lectura\" \/>\n\t<meta name=\"twitter:data2\" content=\"1 minuto\" \/>\n<script type=\"application\/ld+json\" class=\"yoast-schema-graph\">{\"@context\":\"https:\\\/\\\/schema.org\",\"@graph\":[{\"@type\":\"Article\",\"@id\":\"https:\\\/\\\/www.gruporecoletas.com\\\/noticias\\\/dia-nacional-la-fibrosis-quistica\\\/#article\",\"isPartOf\":{\"@id\":\"https:\\\/\\\/www.gruporecoletas.com\\\/noticias\\\/dia-nacional-la-fibrosis-quistica\\\/\"},\"author\":{\"name\":\"Recoletas Red Hospitalaria\",\"@id\":\"https:\\\/\\\/www.gruporecoletas.com\\\/noticias\\\/#\\\/schema\\\/person\\\/3c6ac429828d1f5e3d3bd99f4da9b02c\"},\"headline\":\"D\u00eda nacional de la Fibrosis Qu\u00edstica\",\"datePublished\":\"2017-04-26T17:08:26+00:00\",\"dateModified\":\"2019-03-05T10:49:52+00:00\",\"mainEntityOfPage\":{\"@id\":\"https:\\\/\\\/www.gruporecoletas.com\\\/noticias\\\/dia-nacional-la-fibrosis-quistica\\\/\"},\"wordCount\":250,\"image\":{\"@id\":\"https:\\\/\\\/www.gruporecoletas.com\\\/noticias\\\/dia-nacional-la-fibrosis-quistica\\\/#primaryimage\"},\"thumbnailUrl\":\"https:\\\/\\\/www.gruporecoletas.com\\\/noticias\\\/wp-content\\\/uploads\\\/2017\\\/04\\\/soap-bubbles-870342_1920.jpg\",\"articleSection\":[\"Patolog\u00edas\"],\"inLanguage\":\"es\"},{\"@type\":\"WebPage\",\"@id\":\"https:\\\/\\\/www.gruporecoletas.com\\\/noticias\\\/dia-nacional-la-fibrosis-quistica\\\/\",\"url\":\"https:\\\/\\\/www.gruporecoletas.com\\\/noticias\\\/dia-nacional-la-fibrosis-quistica\\\/\",\"name\":\"D\u00eda nacional de la Fibrosis Qu\u00edstica - Noticias Grupo Recoletas\",\"isPartOf\":{\"@id\":\"https:\\\/\\\/www.gruporecoletas.com\\\/noticias\\\/#website\"},\"primaryImageOfPage\":{\"@id\":\"https:\\\/\\\/www.gruporecoletas.com\\\/noticias\\\/dia-nacional-la-fibrosis-quistica\\\/#primaryimage\"},\"image\":{\"@id\":\"https:\\\/\\\/www.gruporecoletas.com\\\/noticias\\\/dia-nacional-la-fibrosis-quistica\\\/#primaryimage\"},\"thumbnailUrl\":\"https:\\\/\\\/www.gruporecoletas.com\\\/noticias\\\/wp-content\\\/uploads\\\/2017\\\/04\\\/soap-bubbles-870342_1920.jpg\",\"datePublished\":\"2017-04-26T17:08:26+00:00\",\"dateModified\":\"2019-03-05T10:49:52+00:00\",\"author\":{\"@id\":\"https:\\\/\\\/www.gruporecoletas.com\\\/noticias\\\/#\\\/schema\\\/person\\\/3c6ac429828d1f5e3d3bd99f4da9b02c\"},\"breadcrumb\":{\"@id\":\"https:\\\/\\\/www.gruporecoletas.com\\\/noticias\\\/dia-nacional-la-fibrosis-quistica\\\/#breadcrumb\"},\"inLanguage\":\"es\",\"potentialAction\":[{\"@type\":\"ReadAction\",\"target\":[\"https:\\\/\\\/www.gruporecoletas.com\\\/noticias\\\/dia-nacional-la-fibrosis-quistica\\\/\"]}]},{\"@type\":\"ImageObject\",\"inLanguage\":\"es\",\"@id\":\"https:\\\/\\\/www.gruporecoletas.com\\\/noticias\\\/dia-nacional-la-fibrosis-quistica\\\/#primaryimage\",\"url\":\"https:\\\/\\\/www.gruporecoletas.com\\\/noticias\\\/wp-content\\\/uploads\\\/2017\\\/04\\\/soap-bubbles-870342_1920.jpg\",\"contentUrl\":\"https:\\\/\\\/www.gruporecoletas.com\\\/noticias\\\/wp-content\\\/uploads\\\/2017\\\/04\\\/soap-bubbles-870342_1920.jpg\",\"width\":1920,\"height\":1079},{\"@type\":\"BreadcrumbList\",\"@id\":\"https:\\\/\\\/www.gruporecoletas.com\\\/noticias\\\/dia-nacional-la-fibrosis-quistica\\\/#breadcrumb\",\"itemListElement\":[{\"@type\":\"ListItem\",\"position\":1,\"name\":\"Portada\",\"item\":\"https:\\\/\\\/www.gruporecoletas.com\\\/noticias\\\/\"},{\"@type\":\"ListItem\",\"position\":2,\"name\":\"D\u00eda nacional de la Fibrosis Qu\u00edstica\"}]},{\"@type\":\"WebSite\",\"@id\":\"https:\\\/\\\/www.gruporecoletas.com\\\/noticias\\\/#website\",\"url\":\"https:\\\/\\\/www.gruporecoletas.com\\\/noticias\\\/\",\"name\":\"Noticias Grupo Recoletas\",\"description\":\"Grupo Recoletas\",\"potentialAction\":[{\"@type\":\"SearchAction\",\"target\":{\"@type\":\"EntryPoint\",\"urlTemplate\":\"https:\\\/\\\/www.gruporecoletas.com\\\/noticias\\\/?s={search_term_string}\"},\"query-input\":{\"@type\":\"PropertyValueSpecification\",\"valueRequired\":true,\"valueName\":\"search_term_string\"}}],\"inLanguage\":\"es\"},{\"@type\":\"Person\",\"@id\":\"https:\\\/\\\/www.gruporecoletas.com\\\/noticias\\\/#\\\/schema\\\/person\\\/3c6ac429828d1f5e3d3bd99f4da9b02c\",\"name\":\"Recoletas Red Hospitalaria\",\"url\":\"https:\\\/\\\/www.gruporecoletas.com\\\/noticias\\\/author\\\/comunicacion\\\/\"}]}<\/script>\n<!-- \/ Yoast SEO Premium plugin. -->","yoast_head_json":{"title":"D\u00eda nacional de la Fibrosis Qu\u00edstica - Noticias Grupo Recoletas","robots":{"index":"index","follow":"follow","max-snippet":"max-snippet:-1","max-image-preview":"max-image-preview:large","max-video-preview":"max-video-preview:-1"},"canonical":"https:\/\/www.gruporecoletas.com\/noticias\/dia-nacional-la-fibrosis-quistica\/","og_locale":"es_ES","og_type":"article","og_title":"D\u00eda nacional de la Fibrosis Qu\u00edstica","og_description":"Hoy se celebra el\u00a0 #DiaNacionalFibrosisQuistica y queremos mandar todo nuestro apoyo a las personas que padecen la enfermedad. Se trata de una enfermedad gen\u00e9tica que afecta aproximadamente 1 de cada 5.000 nacimientos en Espa\u00f1a, seg\u00fan la Asociaci\u00f3n Espa\u00f1ola de Fibrosis Qu\u00edstica. La Fibrosis Qu\u00edstica produce que no funcionen correctamente las gl\u00e1ndulas que se localizan en [&hellip;]","og_url":"https:\/\/www.gruporecoletas.com\/noticias\/dia-nacional-la-fibrosis-quistica\/","og_site_name":"Noticias Grupo Recoletas","article_publisher":"https:\/\/www.facebook.com\/GrupoRecoletas\/","article_published_time":"2017-04-26T17:08:26+00:00","article_modified_time":"2019-03-05T10:49:52+00:00","og_image":[{"width":1920,"height":1079,"url":"https:\/\/www.gruporecoletas.com\/noticias\/wp-content\/uploads\/2017\/04\/soap-bubbles-870342_1920.jpg","type":"image\/jpeg"}],"author":"Recoletas Red Hospitalaria","twitter_card":"summary_large_image","twitter_creator":"@GrupoRecoletas","twitter_site":"@GrupoRecoletas","twitter_misc":{"Escrito por":"Recoletas Red Hospitalaria","Tiempo de lectura":"1 minuto"},"schema":{"@context":"https:\/\/schema.org","@graph":[{"@type":"Article","@id":"https:\/\/www.gruporecoletas.com\/noticias\/dia-nacional-la-fibrosis-quistica\/#article","isPartOf":{"@id":"https:\/\/www.gruporecoletas.com\/noticias\/dia-nacional-la-fibrosis-quistica\/"},"author":{"name":"Recoletas Red Hospitalaria","@id":"https:\/\/www.gruporecoletas.com\/noticias\/#\/schema\/person\/3c6ac429828d1f5e3d3bd99f4da9b02c"},"headline":"D\u00eda nacional de la Fibrosis Qu\u00edstica","datePublished":"2017-04-26T17:08:26+00:00","dateModified":"2019-03-05T10:49:52+00:00","mainEntityOfPage":{"@id":"https:\/\/www.gruporecoletas.com\/noticias\/dia-nacional-la-fibrosis-quistica\/"},"wordCount":250,"image":{"@id":"https:\/\/www.gruporecoletas.com\/noticias\/dia-nacional-la-fibrosis-quistica\/#primaryimage"},"thumbnailUrl":"https:\/\/www.gruporecoletas.com\/noticias\/wp-content\/uploads\/2017\/04\/soap-bubbles-870342_1920.jpg","articleSection":["Patolog\u00edas"],"inLanguage":"es"},{"@type":"WebPage","@id":"https:\/\/www.gruporecoletas.com\/noticias\/dia-nacional-la-fibrosis-quistica\/","url":"https:\/\/www.gruporecoletas.com\/noticias\/dia-nacional-la-fibrosis-quistica\/","name":"D\u00eda nacional de la Fibrosis Qu\u00edstica - Noticias Grupo Recoletas","isPartOf":{"@id":"https:\/\/www.gruporecoletas.com\/noticias\/#website"},"primaryImageOfPage":{"@id":"https:\/\/www.gruporecoletas.com\/noticias\/dia-nacional-la-fibrosis-quistica\/#primaryimage"},"image":{"@id":"https:\/\/www.gruporecoletas.com\/noticias\/dia-nacional-la-fibrosis-quistica\/#primaryimage"},"thumbnailUrl":"https:\/\/www.gruporecoletas.com\/noticias\/wp-content\/uploads\/2017\/04\/soap-bubbles-870342_1920.jpg","datePublished":"2017-04-26T17:08:26+00:00","dateModified":"2019-03-05T10:49:52+00:00","author":{"@id":"https:\/\/www.gruporecoletas.com\/noticias\/#\/schema\/person\/3c6ac429828d1f5e3d3bd99f4da9b02c"},"breadcrumb":{"@id":"https:\/\/www.gruporecoletas.com\/noticias\/dia-nacional-la-fibrosis-quistica\/#breadcrumb"},"inLanguage":"es","potentialAction":[{"@type":"ReadAction","target":["https:\/\/www.gruporecoletas.com\/noticias\/dia-nacional-la-fibrosis-quistica\/"]}]},{"@type":"ImageObject","inLanguage":"es","@id":"https:\/\/www.gruporecoletas.com\/noticias\/dia-nacional-la-fibrosis-quistica\/#primaryimage","url":"https:\/\/www.gruporecoletas.com\/noticias\/wp-content\/uploads\/2017\/04\/soap-bubbles-870342_1920.jpg","contentUrl":"https:\/\/www.gruporecoletas.com\/noticias\/wp-content\/uploads\/2017\/04\/soap-bubbles-870342_1920.jpg","width":1920,"height":1079},{"@type":"BreadcrumbList","@id":"https:\/\/www.gruporecoletas.com\/noticias\/dia-nacional-la-fibrosis-quistica\/#breadcrumb","itemListElement":[{"@type":"ListItem","position":1,"name":"Portada","item":"https:\/\/www.gruporecoletas.com\/noticias\/"},{"@type":"ListItem","position":2,"name":"D\u00eda nacional de la Fibrosis Qu\u00edstica"}]},{"@type":"WebSite","@id":"https:\/\/www.gruporecoletas.com\/noticias\/#website","url":"https:\/\/www.gruporecoletas.com\/noticias\/","name":"Noticias Grupo Recoletas","description":"Grupo Recoletas","potentialAction":[{"@type":"SearchAction","target":{"@type":"EntryPoint","urlTemplate":"https:\/\/www.gruporecoletas.com\/noticias\/?s={search_term_string}"},"query-input":{"@type":"PropertyValueSpecification","valueRequired":true,"valueName":"search_term_string"}}],"inLanguage":"es"},{"@type":"Person","@id":"https:\/\/www.gruporecoletas.com\/noticias\/#\/schema\/person\/3c6ac429828d1f5e3d3bd99f4da9b02c","name":"Recoletas Red Hospitalaria","url":"https:\/\/www.gruporecoletas.com\/noticias\/author\/comunicacion\/"}]}},"_links":{"self":[{"href":"https:\/\/www.gruporecoletas.com\/noticias\/wp-json\/wp\/v2\/posts\/8506","targetHints":{"allow":["GET"]}}],"collection":[{"href":"https:\/\/www.gruporecoletas.com\/noticias\/wp-json\/wp\/v2\/posts"}],"about":[{"href":"https:\/\/www.gruporecoletas.com\/noticias\/wp-json\/wp\/v2\/types\/post"}],"author":[{"embeddable":true,"href":"https:\/\/www.gruporecoletas.com\/noticias\/wp-json\/wp\/v2\/users\/2"}],"replies":[{"embeddable":true,"href":"https:\/\/www.gruporecoletas.com\/noticias\/wp-json\/wp\/v2\/comments?post=8506"}],"version-history":[{"count":1,"href":"https:\/\/www.gruporecoletas.com\/noticias\/wp-json\/wp\/v2\/posts\/8506\/revisions"}],"predecessor-version":[{"id":11795,"href":"https:\/\/www.gruporecoletas.com\/noticias\/wp-json\/wp\/v2\/posts\/8506\/revisions\/11795"}],"wp:featuredmedia":[{"embeddable":true,"href":"https:\/\/www.gruporecoletas.com\/noticias\/wp-json\/wp\/v2\/media\/8507"}],"wp:attachment":[{"href":"https:\/\/www.gruporecoletas.com\/noticias\/wp-json\/wp\/v2\/media?parent=8506"}],"wp:term":[{"taxonomy":"category","embeddable":true,"href":"https:\/\/www.gruporecoletas.com\/noticias\/wp-json\/wp\/v2\/categories?post=8506"},{"taxonomy":"post_tag","embeddable":true,"href":"https:\/\/www.gruporecoletas.com\/noticias\/wp-json\/wp\/v2\/tags?post=8506"}],"curies":[{"name":"wp","href":"https:\/\/api.w.org\/{rel}","templated":true}]}}