{"id":8517,"date":"2017-04-29T09:04:06","date_gmt":"2017-04-29T09:04:06","guid":{"rendered":"https:\/\/www.gruporecoletas.com\/?p=8517"},"modified":"2022-03-18T14:39:06","modified_gmt":"2022-03-18T13:39:06","slug":"migrana-problema-se-puede-tratar","status":"publish","type":"post","link":"https:\/\/www.gruporecoletas.com\/noticias\/migrana-problema-se-puede-tratar\/","title":{"rendered":"MIGRA\u00d1A: un problema que se puede tratar"},"content":{"rendered":"<p>La cefalea es la queja m\u00e1s frecuente en una consulta de Neurolog\u00eda. Es una patolog\u00eda casi siempre benigna, pero puede ser desagradable y deteriorar la calidad de vida de quien la sufre. La <strong>migra\u00f1a<\/strong> es la segunda cefalea m\u00e1s com\u00fan despu\u00e9s de la cefalea tensional. El <strong>11% de la poblaci\u00f3n mundial la padece<\/strong>, y su presencia es mayor en mujeres. Suele aparecer entre los 20 y 40 a\u00f1os, aunque tambi\u00e9n surge en la infancia y adolescencia. No es una enfermedad grave pero s\u00ed causante de ausencia frecuente o limitaci\u00f3n en el trabajo y en la vida diaria.<\/p>\n<h3>\u00bfQU\u00c9 S\u00cdNTOMAS LA CARACTERIZAN?<\/h3>\n<p>Al inicio son inespec\u00edficos como <strong>ansiedad, irritabilidad, depresi\u00f3n, cansancio, dificultad para la concentraci\u00f3n, sensaci\u00f3n desagradable por la luz, el ruido y olores intensos<\/strong>\u2026 Despu\u00e9s se inicia el aura: es la manifestaci\u00f3n de una disfunci\u00f3n benigna y transitoria de la corteza cerebral. Puede <strong>durar entre 5 y 60 minutos<\/strong>, aunque a veces se prolonga. La m\u00e1s frecuente, aunque no la \u00fanica, es la visual: aparecen luces y rayas o puntos oscuros (de peque\u00f1o o gran tama\u00f1o) en el campo visual. No siempre se manifiesta y generalmente termina cuando empieza el dolor, que puede ser desde leve a incapacitante. La mayor\u00eda de los pacientes lo describe como un latido, m\u00e1s intenso cuando hay luces o sonidos agudos. Tambi\u00e9n aparecen n\u00e1useas. En general, desaparece progresiva aunque lentamente y deja una sensaci\u00f3n de cansancio y malestar que durar\u00e1 horas o d\u00edas.<\/p>\n<h3>\u00bfC\u00d3MO SE DIAGNOSTICA?<\/h3>\n<p>El <strong>diagn\u00f3stico<\/strong> se realiza principalmente por <strong>los s\u00edntomas que presentan<\/strong>. En casos de duda se realizan pruebas como resonancia magn\u00e9tica o esc\u00e1ner y anal\u00edtica para descartar por completo que se trate de una cefalea debida a otra enfermedad.<\/p>\n<h3>\u00bfC\u00d3MO TRATAR LAS CRISIS?<\/h3>\n<p><strong>Lo m\u00e1s importante es hacerlas m\u00e1s cortas y menos desagradables<\/strong>. El tratamiento debe ser precoz; si se inicia con m\u00e1s de 1 hora de evoluci\u00f3n, ser\u00e1 menos efectivo. Son \u00fatiles los antiinflamatorios no esteroideos. En las m\u00e1s severas se deber\u00e1 acudir a analg\u00e9sicos espec\u00edficos: los triptanes. En Espa\u00f1a hay siete de este tipo de f\u00e1rmacos y se pueden probar varios hasta encontrar el mejor para cada paciente. Es importante evitar opi\u00e1ceos como el tramadol y medicamentos combinados. Otros s\u00edntomas como las n\u00e1useas deben ser tratados puesto que forman parte de la crisis y tambi\u00e9n tienen car\u00e1cter incapacitante.<\/p>\n<h3>\u00bfCU\u00c1NDO ACUDIR A URGENCIAS?<\/h3>\n<p>Se deber\u00e1 acudir en estos casos:<\/p>\n<p>1. <strong>Cuando el dolor persiste m\u00e1s de 24 horas<\/strong> o empeora progresivamente, especialmente si se ha tomado los analg\u00e9sicos disponibles.<\/p>\n<p>2. Cuando el <strong>dolor ha cambiado o aparecen s\u00edntomas diferentes<\/strong> como p\u00e9rdida de fuerza, inestabilidad o dificultad al caminar\u2026<\/p>\n<p>3. Cuando <strong>empeora de manera llamativa<\/strong> o despierta por la noche.<\/p>\n<h3>\u00bfCU\u00c1NDO SE PONEN TRATAMIENTOS PREVENTIVOS?<\/h3>\n<p><img loading=\"lazy\" decoding=\"async\" class=\"alignnone size-full wp-image-8522\" src=\"https:\/\/www.gruporecoletas.com\/noticias\/wp-content\/uploads\/2017\/04\/migran\u0303a2.jpg\" alt=\"\" width=\"1400\" height=\"2100\" srcset=\"https:\/\/www.gruporecoletas.com\/noticias\/wp-content\/uploads\/2017\/04\/migran\u0303a2.jpg 1400w, https:\/\/www.gruporecoletas.com\/noticias\/wp-content\/uploads\/2017\/04\/migran\u0303a2-200x300.jpg 200w, https:\/\/www.gruporecoletas.com\/noticias\/wp-content\/uploads\/2017\/04\/migran\u0303a2-768x1152.jpg 768w, https:\/\/www.gruporecoletas.com\/noticias\/wp-content\/uploads\/2017\/04\/migran\u0303a2-683x1024.jpg 683w\" sizes=\"auto, (max-width: 1400px) 100vw, 1400px\" \/><\/p>\n<p>Los tratamientos preventivos se ponen con el objetivo de <strong>disminuir la frecuencia de crisis agudas<\/strong> y hacer que cuando \u00e9stas se manifiesten sean m\u00e1s cortas, menos intensas y respondan m\u00e1s r\u00e1pido a los analg\u00e9sicos. Habitualmente se indica:<\/p>\n<ul>\n<li>Cuando se presenta crisis que limitan la actividad rutinaria, al menos 1 a la semana o m\u00e1s de 4 al mes.<\/li>\n<li>Cuando se necesita analg\u00e9sicos m\u00e1s de 2 veces a la semana.<\/li>\n<li>Cuando frecuentemente se prolonga el dolor m\u00e1s de 24 &#8211; 48 horas.<\/li>\n<li>Cuando es preferido por pacientes porque no toleran los episodios.<\/li>\n<\/ul>\n<p>Hay <strong>disponibles m\u00faltiples f\u00e1rmacos<\/strong> para realizar esta prevenci\u00f3n. Deber\u00e1n tomarse a diario durante 3-6 meses, o incluso m\u00e1s si fuera insuficiente. Adem\u00e1s, existen otros de diferentes caracter\u00edsticas. En los casos en los que no responden hay otras opciones como la infiltraci\u00f3n trimestral de toxina botul\u00ednica. Es importante el conocimiento de todas las alternativas y que se sigan los diferentes tratamientos bajo control m\u00e9dico.<\/p>\n<h3>\u00bfC\u00d3MO CONVIVIR CON LA MIGRA\u00d1A?<\/h3>\n<p>La migra\u00f1a es una <strong>enfermedad \u201cpara toda la vida\u201d<\/strong>. A medida que pasa el tiempo su intensidad y frecuencia ir\u00e1 cambiando. En general, disminuye la frecuencia con el tiempo. No obstante, es importante aprender a prevenirla y a no estar desprevenido cuando comienza una crisis. En ese sentido, es muy \u00fatil <strong>apuntar en un calendario las crisis<\/strong> que se sufren y c\u00f3mo han sido \u00e9stas. Esto ayudar\u00e1 a reconocerlas al principio, y as\u00ed poder tomar el analg\u00e9sico pronto.<\/p>\n<h3>ALGUNAS MEDIDAS PREVENTIVAS \u00daTILES SON:<\/h3>\n<p>\u2022 Cuidar el ritmo del sue\u00f1o y descansar suficientemente.<br \/>\n\u2022 Evitar el estr\u00e9s en la medida de lo posible y en su caso realizar t\u00e9cnicas de control de la ansiedad.<br \/>\n\u2022 Evitar el tabaco y las bebidas alcoh\u00f3licas.<br \/>\n\u2022 No permanecer per\u00edodos prolongados ante pantallas de ordenador o televisi\u00f3n.<br \/>\n\u2022 Evitar lugares ruidosos, con malos olores y luces brillantes.<br \/>\n\u2022 Tratar los dolores cervicales.<br \/>\n\u2022 Evitar alimentos que las desencadenan como chocolate, t\u00e9, caf\u00e9, quesos maduros, embutidos como el salami, chorizo y salchich\u00f3n, etc.<\/p>\n","protected":false},"excerpt":{"rendered":"<p>La cefalea es la queja m\u00e1s frecuente en una consulta de Neurolog\u00eda. Es una patolog\u00eda casi siempre benigna, pero puede ser desagradable y deteriorar la calidad de vida de quien la sufre. La migra\u00f1a es la segunda cefalea m\u00e1s com\u00fan despu\u00e9s de la cefalea tensional. El 11% de la poblaci\u00f3n mundial la padece, y su [&hellip;]<\/p>\n","protected":false},"author":2,"featured_media":8518,"comment_status":"closed","ping_status":"closed","sticky":false,"template":"","format":"standard","meta":{"_acf_changed":false,"footnotes":""},"categories":[50],"tags":[],"class_list":["post-8517","post","type-post","status-publish","format-standard","has-post-thumbnail","hentry","category-patologias"],"acf":[],"yoast_head":"<!-- This site is optimized with the Yoast SEO Premium plugin v27.3 (Yoast SEO v27.3) - https:\/\/yoast.com\/product\/yoast-seo-premium-wordpress\/ -->\n<title>MIGRA\u00d1A: un problema que se puede tratar - Noticias Grupo Recoletas<\/title>\n<meta name=\"robots\" content=\"index, follow, max-snippet:-1, max-image-preview:large, max-video-preview:-1\" \/>\n<link rel=\"canonical\" href=\"https:\/\/www.gruporecoletas.com\/noticias\/migrana-problema-se-puede-tratar\/\" \/>\n<meta property=\"og:locale\" content=\"es_ES\" \/>\n<meta property=\"og:type\" content=\"article\" \/>\n<meta property=\"og:title\" content=\"MIGRA\u00d1A: un problema que se puede tratar\" \/>\n<meta property=\"og:description\" content=\"La cefalea es la queja m\u00e1s frecuente en una consulta de Neurolog\u00eda. Es una patolog\u00eda casi siempre benigna, pero puede ser desagradable y deteriorar la calidad de vida de quien la sufre. La migra\u00f1a es la segunda cefalea m\u00e1s com\u00fan despu\u00e9s de la cefalea tensional. El 11% de la poblaci\u00f3n mundial la padece, y su [&hellip;]\" \/>\n<meta property=\"og:url\" content=\"https:\/\/www.gruporecoletas.com\/noticias\/migrana-problema-se-puede-tratar\/\" \/>\n<meta property=\"og:site_name\" content=\"Noticias Grupo Recoletas\" \/>\n<meta property=\"article:publisher\" content=\"https:\/\/www.facebook.com\/GrupoRecoletas\/\" \/>\n<meta property=\"article:published_time\" content=\"2017-04-29T09:04:06+00:00\" \/>\n<meta property=\"article:modified_time\" content=\"2022-03-18T13:39:06+00:00\" \/>\n<meta property=\"og:image\" content=\"https:\/\/www.gruporecoletas.com\/noticias\/wp-content\/uploads\/2017\/05\/migran\u0303a.jpg\" \/>\n\t<meta property=\"og:image:width\" content=\"1400\" \/>\n\t<meta property=\"og:image:height\" content=\"1256\" \/>\n\t<meta property=\"og:image:type\" content=\"image\/jpeg\" \/>\n<meta name=\"author\" content=\"Recoletas Red Hospitalaria\" \/>\n<meta name=\"twitter:card\" content=\"summary_large_image\" \/>\n<meta name=\"twitter:creator\" content=\"@GrupoRecoletas\" \/>\n<meta name=\"twitter:site\" content=\"@GrupoRecoletas\" \/>\n<meta name=\"twitter:label1\" content=\"Escrito por\" \/>\n\t<meta name=\"twitter:data1\" content=\"Recoletas Red Hospitalaria\" \/>\n\t<meta name=\"twitter:label2\" content=\"Tiempo de lectura\" \/>\n\t<meta name=\"twitter:data2\" content=\"4 minutos\" \/>\n<script type=\"application\/ld+json\" class=\"yoast-schema-graph\">{\"@context\":\"https:\\\/\\\/schema.org\",\"@graph\":[{\"@type\":\"Article\",\"@id\":\"https:\\\/\\\/www.gruporecoletas.com\\\/noticias\\\/migrana-problema-se-puede-tratar\\\/#article\",\"isPartOf\":{\"@id\":\"https:\\\/\\\/www.gruporecoletas.com\\\/noticias\\\/migrana-problema-se-puede-tratar\\\/\"},\"author\":{\"name\":\"Recoletas Red Hospitalaria\",\"@id\":\"https:\\\/\\\/www.gruporecoletas.com\\\/noticias\\\/#\\\/schema\\\/person\\\/3c6ac429828d1f5e3d3bd99f4da9b02c\"},\"headline\":\"MIGRA\u00d1A: un problema que se puede tratar\",\"datePublished\":\"2017-04-29T09:04:06+00:00\",\"dateModified\":\"2022-03-18T13:39:06+00:00\",\"mainEntityOfPage\":{\"@id\":\"https:\\\/\\\/www.gruporecoletas.com\\\/noticias\\\/migrana-problema-se-puede-tratar\\\/\"},\"wordCount\":842,\"image\":{\"@id\":\"https:\\\/\\\/www.gruporecoletas.com\\\/noticias\\\/migrana-problema-se-puede-tratar\\\/#primaryimage\"},\"thumbnailUrl\":\"https:\\\/\\\/www.gruporecoletas.com\\\/noticias\\\/wp-content\\\/uploads\\\/2017\\\/05\\\/migran\u0303a.jpg\",\"articleSection\":[\"Patolog\u00edas\"],\"inLanguage\":\"es\"},{\"@type\":\"WebPage\",\"@id\":\"https:\\\/\\\/www.gruporecoletas.com\\\/noticias\\\/migrana-problema-se-puede-tratar\\\/\",\"url\":\"https:\\\/\\\/www.gruporecoletas.com\\\/noticias\\\/migrana-problema-se-puede-tratar\\\/\",\"name\":\"MIGRA\u00d1A: un problema que se puede tratar - Noticias Grupo Recoletas\",\"isPartOf\":{\"@id\":\"https:\\\/\\\/www.gruporecoletas.com\\\/noticias\\\/#website\"},\"primaryImageOfPage\":{\"@id\":\"https:\\\/\\\/www.gruporecoletas.com\\\/noticias\\\/migrana-problema-se-puede-tratar\\\/#primaryimage\"},\"image\":{\"@id\":\"https:\\\/\\\/www.gruporecoletas.com\\\/noticias\\\/migrana-problema-se-puede-tratar\\\/#primaryimage\"},\"thumbnailUrl\":\"https:\\\/\\\/www.gruporecoletas.com\\\/noticias\\\/wp-content\\\/uploads\\\/2017\\\/05\\\/migran\u0303a.jpg\",\"datePublished\":\"2017-04-29T09:04:06+00:00\",\"dateModified\":\"2022-03-18T13:39:06+00:00\",\"author\":{\"@id\":\"https:\\\/\\\/www.gruporecoletas.com\\\/noticias\\\/#\\\/schema\\\/person\\\/3c6ac429828d1f5e3d3bd99f4da9b02c\"},\"breadcrumb\":{\"@id\":\"https:\\\/\\\/www.gruporecoletas.com\\\/noticias\\\/migrana-problema-se-puede-tratar\\\/#breadcrumb\"},\"inLanguage\":\"es\",\"potentialAction\":[{\"@type\":\"ReadAction\",\"target\":[\"https:\\\/\\\/www.gruporecoletas.com\\\/noticias\\\/migrana-problema-se-puede-tratar\\\/\"]}]},{\"@type\":\"ImageObject\",\"inLanguage\":\"es\",\"@id\":\"https:\\\/\\\/www.gruporecoletas.com\\\/noticias\\\/migrana-problema-se-puede-tratar\\\/#primaryimage\",\"url\":\"https:\\\/\\\/www.gruporecoletas.com\\\/noticias\\\/wp-content\\\/uploads\\\/2017\\\/05\\\/migran\u0303a.jpg\",\"contentUrl\":\"https:\\\/\\\/www.gruporecoletas.com\\\/noticias\\\/wp-content\\\/uploads\\\/2017\\\/05\\\/migran\u0303a.jpg\",\"width\":1400,\"height\":1256},{\"@type\":\"BreadcrumbList\",\"@id\":\"https:\\\/\\\/www.gruporecoletas.com\\\/noticias\\\/migrana-problema-se-puede-tratar\\\/#breadcrumb\",\"itemListElement\":[{\"@type\":\"ListItem\",\"position\":1,\"name\":\"Portada\",\"item\":\"https:\\\/\\\/www.gruporecoletas.com\\\/noticias\\\/\"},{\"@type\":\"ListItem\",\"position\":2,\"name\":\"MIGRA\u00d1A: un problema que se puede tratar\"}]},{\"@type\":\"WebSite\",\"@id\":\"https:\\\/\\\/www.gruporecoletas.com\\\/noticias\\\/#website\",\"url\":\"https:\\\/\\\/www.gruporecoletas.com\\\/noticias\\\/\",\"name\":\"Noticias Grupo Recoletas\",\"description\":\"Grupo Recoletas\",\"potentialAction\":[{\"@type\":\"SearchAction\",\"target\":{\"@type\":\"EntryPoint\",\"urlTemplate\":\"https:\\\/\\\/www.gruporecoletas.com\\\/noticias\\\/?s={search_term_string}\"},\"query-input\":{\"@type\":\"PropertyValueSpecification\",\"valueRequired\":true,\"valueName\":\"search_term_string\"}}],\"inLanguage\":\"es\"},{\"@type\":\"Person\",\"@id\":\"https:\\\/\\\/www.gruporecoletas.com\\\/noticias\\\/#\\\/schema\\\/person\\\/3c6ac429828d1f5e3d3bd99f4da9b02c\",\"name\":\"Recoletas Red Hospitalaria\",\"url\":\"https:\\\/\\\/www.gruporecoletas.com\\\/noticias\\\/author\\\/comunicacion\\\/\"}]}<\/script>\n<!-- \/ Yoast SEO Premium plugin. -->","yoast_head_json":{"title":"MIGRA\u00d1A: un problema que se puede tratar - Noticias Grupo Recoletas","robots":{"index":"index","follow":"follow","max-snippet":"max-snippet:-1","max-image-preview":"max-image-preview:large","max-video-preview":"max-video-preview:-1"},"canonical":"https:\/\/www.gruporecoletas.com\/noticias\/migrana-problema-se-puede-tratar\/","og_locale":"es_ES","og_type":"article","og_title":"MIGRA\u00d1A: un problema que se puede tratar","og_description":"La cefalea es la queja m\u00e1s frecuente en una consulta de Neurolog\u00eda. Es una patolog\u00eda casi siempre benigna, pero puede ser desagradable y deteriorar la calidad de vida de quien la sufre. La migra\u00f1a es la segunda cefalea m\u00e1s com\u00fan despu\u00e9s de la cefalea tensional. El 11% de la poblaci\u00f3n mundial la padece, y su [&hellip;]","og_url":"https:\/\/www.gruporecoletas.com\/noticias\/migrana-problema-se-puede-tratar\/","og_site_name":"Noticias Grupo Recoletas","article_publisher":"https:\/\/www.facebook.com\/GrupoRecoletas\/","article_published_time":"2017-04-29T09:04:06+00:00","article_modified_time":"2022-03-18T13:39:06+00:00","og_image":[{"width":1400,"height":1256,"url":"https:\/\/www.gruporecoletas.com\/noticias\/wp-content\/uploads\/2017\/05\/migran\u0303a.jpg","type":"image\/jpeg"}],"author":"Recoletas Red Hospitalaria","twitter_card":"summary_large_image","twitter_creator":"@GrupoRecoletas","twitter_site":"@GrupoRecoletas","twitter_misc":{"Escrito por":"Recoletas Red Hospitalaria","Tiempo de lectura":"4 minutos"},"schema":{"@context":"https:\/\/schema.org","@graph":[{"@type":"Article","@id":"https:\/\/www.gruporecoletas.com\/noticias\/migrana-problema-se-puede-tratar\/#article","isPartOf":{"@id":"https:\/\/www.gruporecoletas.com\/noticias\/migrana-problema-se-puede-tratar\/"},"author":{"name":"Recoletas Red Hospitalaria","@id":"https:\/\/www.gruporecoletas.com\/noticias\/#\/schema\/person\/3c6ac429828d1f5e3d3bd99f4da9b02c"},"headline":"MIGRA\u00d1A: un problema que se puede tratar","datePublished":"2017-04-29T09:04:06+00:00","dateModified":"2022-03-18T13:39:06+00:00","mainEntityOfPage":{"@id":"https:\/\/www.gruporecoletas.com\/noticias\/migrana-problema-se-puede-tratar\/"},"wordCount":842,"image":{"@id":"https:\/\/www.gruporecoletas.com\/noticias\/migrana-problema-se-puede-tratar\/#primaryimage"},"thumbnailUrl":"https:\/\/www.gruporecoletas.com\/noticias\/wp-content\/uploads\/2017\/05\/migran\u0303a.jpg","articleSection":["Patolog\u00edas"],"inLanguage":"es"},{"@type":"WebPage","@id":"https:\/\/www.gruporecoletas.com\/noticias\/migrana-problema-se-puede-tratar\/","url":"https:\/\/www.gruporecoletas.com\/noticias\/migrana-problema-se-puede-tratar\/","name":"MIGRA\u00d1A: un problema que se puede tratar - Noticias Grupo Recoletas","isPartOf":{"@id":"https:\/\/www.gruporecoletas.com\/noticias\/#website"},"primaryImageOfPage":{"@id":"https:\/\/www.gruporecoletas.com\/noticias\/migrana-problema-se-puede-tratar\/#primaryimage"},"image":{"@id":"https:\/\/www.gruporecoletas.com\/noticias\/migrana-problema-se-puede-tratar\/#primaryimage"},"thumbnailUrl":"https:\/\/www.gruporecoletas.com\/noticias\/wp-content\/uploads\/2017\/05\/migran\u0303a.jpg","datePublished":"2017-04-29T09:04:06+00:00","dateModified":"2022-03-18T13:39:06+00:00","author":{"@id":"https:\/\/www.gruporecoletas.com\/noticias\/#\/schema\/person\/3c6ac429828d1f5e3d3bd99f4da9b02c"},"breadcrumb":{"@id":"https:\/\/www.gruporecoletas.com\/noticias\/migrana-problema-se-puede-tratar\/#breadcrumb"},"inLanguage":"es","potentialAction":[{"@type":"ReadAction","target":["https:\/\/www.gruporecoletas.com\/noticias\/migrana-problema-se-puede-tratar\/"]}]},{"@type":"ImageObject","inLanguage":"es","@id":"https:\/\/www.gruporecoletas.com\/noticias\/migrana-problema-se-puede-tratar\/#primaryimage","url":"https:\/\/www.gruporecoletas.com\/noticias\/wp-content\/uploads\/2017\/05\/migran\u0303a.jpg","contentUrl":"https:\/\/www.gruporecoletas.com\/noticias\/wp-content\/uploads\/2017\/05\/migran\u0303a.jpg","width":1400,"height":1256},{"@type":"BreadcrumbList","@id":"https:\/\/www.gruporecoletas.com\/noticias\/migrana-problema-se-puede-tratar\/#breadcrumb","itemListElement":[{"@type":"ListItem","position":1,"name":"Portada","item":"https:\/\/www.gruporecoletas.com\/noticias\/"},{"@type":"ListItem","position":2,"name":"MIGRA\u00d1A: un problema que se puede tratar"}]},{"@type":"WebSite","@id":"https:\/\/www.gruporecoletas.com\/noticias\/#website","url":"https:\/\/www.gruporecoletas.com\/noticias\/","name":"Noticias Grupo Recoletas","description":"Grupo Recoletas","potentialAction":[{"@type":"SearchAction","target":{"@type":"EntryPoint","urlTemplate":"https:\/\/www.gruporecoletas.com\/noticias\/?s={search_term_string}"},"query-input":{"@type":"PropertyValueSpecification","valueRequired":true,"valueName":"search_term_string"}}],"inLanguage":"es"},{"@type":"Person","@id":"https:\/\/www.gruporecoletas.com\/noticias\/#\/schema\/person\/3c6ac429828d1f5e3d3bd99f4da9b02c","name":"Recoletas Red Hospitalaria","url":"https:\/\/www.gruporecoletas.com\/noticias\/author\/comunicacion\/"}]}},"_links":{"self":[{"href":"https:\/\/www.gruporecoletas.com\/noticias\/wp-json\/wp\/v2\/posts\/8517","targetHints":{"allow":["GET"]}}],"collection":[{"href":"https:\/\/www.gruporecoletas.com\/noticias\/wp-json\/wp\/v2\/posts"}],"about":[{"href":"https:\/\/www.gruporecoletas.com\/noticias\/wp-json\/wp\/v2\/types\/post"}],"author":[{"embeddable":true,"href":"https:\/\/www.gruporecoletas.com\/noticias\/wp-json\/wp\/v2\/users\/2"}],"replies":[{"embeddable":true,"href":"https:\/\/www.gruporecoletas.com\/noticias\/wp-json\/wp\/v2\/comments?post=8517"}],"version-history":[{"count":1,"href":"https:\/\/www.gruporecoletas.com\/noticias\/wp-json\/wp\/v2\/posts\/8517\/revisions"}],"predecessor-version":[{"id":11784,"href":"https:\/\/www.gruporecoletas.com\/noticias\/wp-json\/wp\/v2\/posts\/8517\/revisions\/11784"}],"wp:featuredmedia":[{"embeddable":true,"href":"https:\/\/www.gruporecoletas.com\/noticias\/wp-json\/wp\/v2\/media\/8518"}],"wp:attachment":[{"href":"https:\/\/www.gruporecoletas.com\/noticias\/wp-json\/wp\/v2\/media?parent=8517"}],"wp:term":[{"taxonomy":"category","embeddable":true,"href":"https:\/\/www.gruporecoletas.com\/noticias\/wp-json\/wp\/v2\/categories?post=8517"},{"taxonomy":"post_tag","embeddable":true,"href":"https:\/\/www.gruporecoletas.com\/noticias\/wp-json\/wp\/v2\/tags?post=8517"}],"curies":[{"name":"wp","href":"https:\/\/api.w.org\/{rel}","templated":true}]}}