{"id":8572,"date":"2017-05-10T10:17:58","date_gmt":"2017-05-10T10:17:58","guid":{"rendered":"https:\/\/www.gruporecoletas.com\/?p=8572"},"modified":"2019-03-05T09:43:57","modified_gmt":"2019-03-05T09:43:57","slug":"10-mayo-dia-mundial-del-lupus","status":"publish","type":"post","link":"https:\/\/www.gruporecoletas.com\/noticias\/10-mayo-dia-mundial-del-lupus\/","title":{"rendered":"10 de mayo: D\u00eda Mundial del Lupus"},"content":{"rendered":"<div class=\"\">El lupus es una enfermedad <b class=\"\">autoinmune cr\u00f3nica<\/b>, su principal caracter\u00edstica es que es una <b class=\"\">enfermedad muy heterog\u00e9nea<\/b>. Es dif\u00edcil encontrar dos pacientes con los mismos s\u00edntomas y con los mismos patrones de la enfermedad. Eso <b class=\"\">complica<\/b> muchas veces que se <b class=\"\">diagnostique<\/b>.<\/div>\n<div class=\"\"><\/div>\n<div class=\"\">Las personas con Lupus en todo el Mundo se han unido para <b class=\"\">reclamar<\/b> el fomento en su <b class=\"\">investigaci\u00f3n<\/b>, tratamientos m\u00e1s efectivos y seguros y la mejora de los servicios de atenci\u00f3n sanitaria.<\/div>\n<div class=\"\"><\/div>\n<div class=\"\">Actualmente <b class=\"\">no tiene cura<\/b> y puede ser fatal, ya que puede afectar a cualquier \u00f3rgano del cuerpo. Esta patolog\u00eda <b class=\"\">afecta principalmente a las mujeres<\/b> y en una \u00e9poca de la vida en la que se es f\u00e9rtil (entre 20 y 40 a\u00f1os). Se han descrito adem\u00e1s casos en ni\u00f1os y ancianos.<\/div>\n<div class=\"\"><\/div>\n<div class=\"\">La <b class=\"\">detecci\u00f3n precoz <\/b>y su diagn\u00f3stico son la <b class=\"\">clave<\/b> para aumentar la supervivencia y la calidad de vida del afectado.<\/div>\n<div class=\"\"><\/div>\n<div class=\"\">La <b class=\"\">causa<\/b> del lupus eritematoso sigue siendo <b class=\"\">desconocida<\/b>. Sin embargo, al tratarse de una enfermedad autoinmune hay distintos factores que s\u00ed se conocen, que pueden influir y provocar lupus. La m\u00e1s conocida es la <b class=\"\">alteraci\u00f3n en el sistema inmunol\u00f3gico<\/b>, que entre otras funciones es el encargado de defender al cuerpo frente a posibles infecciones.<\/div>\n","protected":false},"excerpt":{"rendered":"<p>El lupus es una enfermedad autoinmune cr\u00f3nica, su principal caracter\u00edstica es que es una enfermedad muy heterog\u00e9nea. Es dif\u00edcil encontrar dos pacientes con los mismos s\u00edntomas y con los mismos patrones de la enfermedad. Eso complica muchas veces que se diagnostique. Las personas con Lupus en todo el Mundo se han unido para reclamar el [&hellip;]<\/p>\n","protected":false},"author":2,"featured_media":8573,"comment_status":"closed","ping_status":"closed","sticky":false,"template":"","format":"standard","meta":{"_acf_changed":false,"footnotes":""},"categories":[50],"tags":[],"class_list":["post-8572","post","type-post","status-publish","format-standard","has-post-thumbnail","hentry","category-patologias"],"acf":[],"yoast_head":"<!-- This site is optimized with the Yoast SEO Premium plugin v27.3 (Yoast SEO v27.3) - https:\/\/yoast.com\/product\/yoast-seo-premium-wordpress\/ -->\n<title>10 de mayo: D\u00eda Mundial del Lupus - Noticias Grupo Recoletas<\/title>\n<meta name=\"robots\" content=\"index, follow, max-snippet:-1, max-image-preview:large, max-video-preview:-1\" \/>\n<link rel=\"canonical\" href=\"https:\/\/www.gruporecoletas.com\/noticias\/10-mayo-dia-mundial-del-lupus\/\" \/>\n<meta property=\"og:locale\" content=\"es_ES\" \/>\n<meta property=\"og:type\" content=\"article\" \/>\n<meta property=\"og:title\" content=\"10 de mayo: D\u00eda Mundial del Lupus\" \/>\n<meta property=\"og:description\" content=\"El lupus es una enfermedad autoinmune cr\u00f3nica, su principal caracter\u00edstica es que es una enfermedad muy heterog\u00e9nea. Es dif\u00edcil encontrar dos pacientes con los mismos s\u00edntomas y con los mismos patrones de la enfermedad. Eso complica muchas veces que se diagnostique. Las personas con Lupus en todo el Mundo se han unido para reclamar el [&hellip;]\" \/>\n<meta property=\"og:url\" content=\"https:\/\/www.gruporecoletas.com\/noticias\/10-mayo-dia-mundial-del-lupus\/\" \/>\n<meta property=\"og:site_name\" content=\"Noticias Grupo Recoletas\" \/>\n<meta property=\"article:publisher\" content=\"https:\/\/www.facebook.com\/GrupoRecoletas\/\" \/>\n<meta property=\"article:published_time\" content=\"2017-05-10T10:17:58+00:00\" \/>\n<meta property=\"article:modified_time\" content=\"2019-03-05T09:43:57+00:00\" \/>\n<meta property=\"og:image\" content=\"https:\/\/www.gruporecoletas.com\/noticias\/wp-content\/uploads\/2017\/05\/lupus.jpg\" \/>\n\t<meta property=\"og:image:width\" content=\"1400\" \/>\n\t<meta property=\"og:image:height\" content=\"886\" \/>\n\t<meta property=\"og:image:type\" content=\"image\/jpeg\" \/>\n<meta name=\"author\" content=\"Recoletas Red Hospitalaria\" \/>\n<meta name=\"twitter:card\" content=\"summary_large_image\" \/>\n<meta name=\"twitter:creator\" content=\"@GrupoRecoletas\" \/>\n<meta name=\"twitter:site\" content=\"@GrupoRecoletas\" \/>\n<meta name=\"twitter:label1\" content=\"Escrito por\" \/>\n\t<meta name=\"twitter:data1\" content=\"Recoletas Red Hospitalaria\" \/>\n\t<meta name=\"twitter:label2\" content=\"Tiempo de lectura\" \/>\n\t<meta name=\"twitter:data2\" content=\"1 minuto\" \/>\n<script type=\"application\/ld+json\" class=\"yoast-schema-graph\">{\"@context\":\"https:\\\/\\\/schema.org\",\"@graph\":[{\"@type\":\"Article\",\"@id\":\"https:\\\/\\\/www.gruporecoletas.com\\\/noticias\\\/10-mayo-dia-mundial-del-lupus\\\/#article\",\"isPartOf\":{\"@id\":\"https:\\\/\\\/www.gruporecoletas.com\\\/noticias\\\/10-mayo-dia-mundial-del-lupus\\\/\"},\"author\":{\"name\":\"Recoletas Red Hospitalaria\",\"@id\":\"https:\\\/\\\/www.gruporecoletas.com\\\/noticias\\\/#\\\/schema\\\/person\\\/3c6ac429828d1f5e3d3bd99f4da9b02c\"},\"headline\":\"10 de mayo: D\u00eda Mundial del Lupus\",\"datePublished\":\"2017-05-10T10:17:58+00:00\",\"dateModified\":\"2019-03-05T09:43:57+00:00\",\"mainEntityOfPage\":{\"@id\":\"https:\\\/\\\/www.gruporecoletas.com\\\/noticias\\\/10-mayo-dia-mundial-del-lupus\\\/\"},\"wordCount\":221,\"image\":{\"@id\":\"https:\\\/\\\/www.gruporecoletas.com\\\/noticias\\\/10-mayo-dia-mundial-del-lupus\\\/#primaryimage\"},\"thumbnailUrl\":\"https:\\\/\\\/www.gruporecoletas.com\\\/noticias\\\/wp-content\\\/uploads\\\/2017\\\/05\\\/lupus.jpg\",\"articleSection\":[\"Patolog\u00edas\"],\"inLanguage\":\"es\"},{\"@type\":\"WebPage\",\"@id\":\"https:\\\/\\\/www.gruporecoletas.com\\\/noticias\\\/10-mayo-dia-mundial-del-lupus\\\/\",\"url\":\"https:\\\/\\\/www.gruporecoletas.com\\\/noticias\\\/10-mayo-dia-mundial-del-lupus\\\/\",\"name\":\"10 de mayo: D\u00eda Mundial del Lupus - Noticias Grupo Recoletas\",\"isPartOf\":{\"@id\":\"https:\\\/\\\/www.gruporecoletas.com\\\/noticias\\\/#website\"},\"primaryImageOfPage\":{\"@id\":\"https:\\\/\\\/www.gruporecoletas.com\\\/noticias\\\/10-mayo-dia-mundial-del-lupus\\\/#primaryimage\"},\"image\":{\"@id\":\"https:\\\/\\\/www.gruporecoletas.com\\\/noticias\\\/10-mayo-dia-mundial-del-lupus\\\/#primaryimage\"},\"thumbnailUrl\":\"https:\\\/\\\/www.gruporecoletas.com\\\/noticias\\\/wp-content\\\/uploads\\\/2017\\\/05\\\/lupus.jpg\",\"datePublished\":\"2017-05-10T10:17:58+00:00\",\"dateModified\":\"2019-03-05T09:43:57+00:00\",\"author\":{\"@id\":\"https:\\\/\\\/www.gruporecoletas.com\\\/noticias\\\/#\\\/schema\\\/person\\\/3c6ac429828d1f5e3d3bd99f4da9b02c\"},\"breadcrumb\":{\"@id\":\"https:\\\/\\\/www.gruporecoletas.com\\\/noticias\\\/10-mayo-dia-mundial-del-lupus\\\/#breadcrumb\"},\"inLanguage\":\"es\",\"potentialAction\":[{\"@type\":\"ReadAction\",\"target\":[\"https:\\\/\\\/www.gruporecoletas.com\\\/noticias\\\/10-mayo-dia-mundial-del-lupus\\\/\"]}]},{\"@type\":\"ImageObject\",\"inLanguage\":\"es\",\"@id\":\"https:\\\/\\\/www.gruporecoletas.com\\\/noticias\\\/10-mayo-dia-mundial-del-lupus\\\/#primaryimage\",\"url\":\"https:\\\/\\\/www.gruporecoletas.com\\\/noticias\\\/wp-content\\\/uploads\\\/2017\\\/05\\\/lupus.jpg\",\"contentUrl\":\"https:\\\/\\\/www.gruporecoletas.com\\\/noticias\\\/wp-content\\\/uploads\\\/2017\\\/05\\\/lupus.jpg\",\"width\":1400,\"height\":886},{\"@type\":\"BreadcrumbList\",\"@id\":\"https:\\\/\\\/www.gruporecoletas.com\\\/noticias\\\/10-mayo-dia-mundial-del-lupus\\\/#breadcrumb\",\"itemListElement\":[{\"@type\":\"ListItem\",\"position\":1,\"name\":\"Portada\",\"item\":\"https:\\\/\\\/www.gruporecoletas.com\\\/noticias\\\/\"},{\"@type\":\"ListItem\",\"position\":2,\"name\":\"10 de mayo: D\u00eda Mundial del Lupus\"}]},{\"@type\":\"WebSite\",\"@id\":\"https:\\\/\\\/www.gruporecoletas.com\\\/noticias\\\/#website\",\"url\":\"https:\\\/\\\/www.gruporecoletas.com\\\/noticias\\\/\",\"name\":\"Noticias Grupo Recoletas\",\"description\":\"Grupo Recoletas\",\"potentialAction\":[{\"@type\":\"SearchAction\",\"target\":{\"@type\":\"EntryPoint\",\"urlTemplate\":\"https:\\\/\\\/www.gruporecoletas.com\\\/noticias\\\/?s={search_term_string}\"},\"query-input\":{\"@type\":\"PropertyValueSpecification\",\"valueRequired\":true,\"valueName\":\"search_term_string\"}}],\"inLanguage\":\"es\"},{\"@type\":\"Person\",\"@id\":\"https:\\\/\\\/www.gruporecoletas.com\\\/noticias\\\/#\\\/schema\\\/person\\\/3c6ac429828d1f5e3d3bd99f4da9b02c\",\"name\":\"Recoletas Red Hospitalaria\",\"url\":\"https:\\\/\\\/www.gruporecoletas.com\\\/noticias\\\/author\\\/comunicacion\\\/\"}]}<\/script>\n<!-- \/ Yoast SEO Premium plugin. -->","yoast_head_json":{"title":"10 de mayo: D\u00eda Mundial del Lupus - Noticias Grupo Recoletas","robots":{"index":"index","follow":"follow","max-snippet":"max-snippet:-1","max-image-preview":"max-image-preview:large","max-video-preview":"max-video-preview:-1"},"canonical":"https:\/\/www.gruporecoletas.com\/noticias\/10-mayo-dia-mundial-del-lupus\/","og_locale":"es_ES","og_type":"article","og_title":"10 de mayo: D\u00eda Mundial del Lupus","og_description":"El lupus es una enfermedad autoinmune cr\u00f3nica, su principal caracter\u00edstica es que es una enfermedad muy heterog\u00e9nea. Es dif\u00edcil encontrar dos pacientes con los mismos s\u00edntomas y con los mismos patrones de la enfermedad. Eso complica muchas veces que se diagnostique. Las personas con Lupus en todo el Mundo se han unido para reclamar el [&hellip;]","og_url":"https:\/\/www.gruporecoletas.com\/noticias\/10-mayo-dia-mundial-del-lupus\/","og_site_name":"Noticias Grupo Recoletas","article_publisher":"https:\/\/www.facebook.com\/GrupoRecoletas\/","article_published_time":"2017-05-10T10:17:58+00:00","article_modified_time":"2019-03-05T09:43:57+00:00","og_image":[{"width":1400,"height":886,"url":"https:\/\/www.gruporecoletas.com\/noticias\/wp-content\/uploads\/2017\/05\/lupus.jpg","type":"image\/jpeg"}],"author":"Recoletas Red Hospitalaria","twitter_card":"summary_large_image","twitter_creator":"@GrupoRecoletas","twitter_site":"@GrupoRecoletas","twitter_misc":{"Escrito por":"Recoletas Red Hospitalaria","Tiempo de lectura":"1 minuto"},"schema":{"@context":"https:\/\/schema.org","@graph":[{"@type":"Article","@id":"https:\/\/www.gruporecoletas.com\/noticias\/10-mayo-dia-mundial-del-lupus\/#article","isPartOf":{"@id":"https:\/\/www.gruporecoletas.com\/noticias\/10-mayo-dia-mundial-del-lupus\/"},"author":{"name":"Recoletas Red Hospitalaria","@id":"https:\/\/www.gruporecoletas.com\/noticias\/#\/schema\/person\/3c6ac429828d1f5e3d3bd99f4da9b02c"},"headline":"10 de mayo: D\u00eda Mundial del Lupus","datePublished":"2017-05-10T10:17:58+00:00","dateModified":"2019-03-05T09:43:57+00:00","mainEntityOfPage":{"@id":"https:\/\/www.gruporecoletas.com\/noticias\/10-mayo-dia-mundial-del-lupus\/"},"wordCount":221,"image":{"@id":"https:\/\/www.gruporecoletas.com\/noticias\/10-mayo-dia-mundial-del-lupus\/#primaryimage"},"thumbnailUrl":"https:\/\/www.gruporecoletas.com\/noticias\/wp-content\/uploads\/2017\/05\/lupus.jpg","articleSection":["Patolog\u00edas"],"inLanguage":"es"},{"@type":"WebPage","@id":"https:\/\/www.gruporecoletas.com\/noticias\/10-mayo-dia-mundial-del-lupus\/","url":"https:\/\/www.gruporecoletas.com\/noticias\/10-mayo-dia-mundial-del-lupus\/","name":"10 de mayo: D\u00eda Mundial del Lupus - Noticias Grupo Recoletas","isPartOf":{"@id":"https:\/\/www.gruporecoletas.com\/noticias\/#website"},"primaryImageOfPage":{"@id":"https:\/\/www.gruporecoletas.com\/noticias\/10-mayo-dia-mundial-del-lupus\/#primaryimage"},"image":{"@id":"https:\/\/www.gruporecoletas.com\/noticias\/10-mayo-dia-mundial-del-lupus\/#primaryimage"},"thumbnailUrl":"https:\/\/www.gruporecoletas.com\/noticias\/wp-content\/uploads\/2017\/05\/lupus.jpg","datePublished":"2017-05-10T10:17:58+00:00","dateModified":"2019-03-05T09:43:57+00:00","author":{"@id":"https:\/\/www.gruporecoletas.com\/noticias\/#\/schema\/person\/3c6ac429828d1f5e3d3bd99f4da9b02c"},"breadcrumb":{"@id":"https:\/\/www.gruporecoletas.com\/noticias\/10-mayo-dia-mundial-del-lupus\/#breadcrumb"},"inLanguage":"es","potentialAction":[{"@type":"ReadAction","target":["https:\/\/www.gruporecoletas.com\/noticias\/10-mayo-dia-mundial-del-lupus\/"]}]},{"@type":"ImageObject","inLanguage":"es","@id":"https:\/\/www.gruporecoletas.com\/noticias\/10-mayo-dia-mundial-del-lupus\/#primaryimage","url":"https:\/\/www.gruporecoletas.com\/noticias\/wp-content\/uploads\/2017\/05\/lupus.jpg","contentUrl":"https:\/\/www.gruporecoletas.com\/noticias\/wp-content\/uploads\/2017\/05\/lupus.jpg","width":1400,"height":886},{"@type":"BreadcrumbList","@id":"https:\/\/www.gruporecoletas.com\/noticias\/10-mayo-dia-mundial-del-lupus\/#breadcrumb","itemListElement":[{"@type":"ListItem","position":1,"name":"Portada","item":"https:\/\/www.gruporecoletas.com\/noticias\/"},{"@type":"ListItem","position":2,"name":"10 de mayo: D\u00eda Mundial del Lupus"}]},{"@type":"WebSite","@id":"https:\/\/www.gruporecoletas.com\/noticias\/#website","url":"https:\/\/www.gruporecoletas.com\/noticias\/","name":"Noticias Grupo Recoletas","description":"Grupo Recoletas","potentialAction":[{"@type":"SearchAction","target":{"@type":"EntryPoint","urlTemplate":"https:\/\/www.gruporecoletas.com\/noticias\/?s={search_term_string}"},"query-input":{"@type":"PropertyValueSpecification","valueRequired":true,"valueName":"search_term_string"}}],"inLanguage":"es"},{"@type":"Person","@id":"https:\/\/www.gruporecoletas.com\/noticias\/#\/schema\/person\/3c6ac429828d1f5e3d3bd99f4da9b02c","name":"Recoletas Red Hospitalaria","url":"https:\/\/www.gruporecoletas.com\/noticias\/author\/comunicacion\/"}]}},"_links":{"self":[{"href":"https:\/\/www.gruporecoletas.com\/noticias\/wp-json\/wp\/v2\/posts\/8572","targetHints":{"allow":["GET"]}}],"collection":[{"href":"https:\/\/www.gruporecoletas.com\/noticias\/wp-json\/wp\/v2\/posts"}],"about":[{"href":"https:\/\/www.gruporecoletas.com\/noticias\/wp-json\/wp\/v2\/types\/post"}],"author":[{"embeddable":true,"href":"https:\/\/www.gruporecoletas.com\/noticias\/wp-json\/wp\/v2\/users\/2"}],"replies":[{"embeddable":true,"href":"https:\/\/www.gruporecoletas.com\/noticias\/wp-json\/wp\/v2\/comments?post=8572"}],"version-history":[{"count":2,"href":"https:\/\/www.gruporecoletas.com\/noticias\/wp-json\/wp\/v2\/posts\/8572\/revisions"}],"predecessor-version":[{"id":13237,"href":"https:\/\/www.gruporecoletas.com\/noticias\/wp-json\/wp\/v2\/posts\/8572\/revisions\/13237"}],"wp:featuredmedia":[{"embeddable":true,"href":"https:\/\/www.gruporecoletas.com\/noticias\/wp-json\/wp\/v2\/media\/8573"}],"wp:attachment":[{"href":"https:\/\/www.gruporecoletas.com\/noticias\/wp-json\/wp\/v2\/media?parent=8572"}],"wp:term":[{"taxonomy":"category","embeddable":true,"href":"https:\/\/www.gruporecoletas.com\/noticias\/wp-json\/wp\/v2\/categories?post=8572"},{"taxonomy":"post_tag","embeddable":true,"href":"https:\/\/www.gruporecoletas.com\/noticias\/wp-json\/wp\/v2\/tags?post=8572"}],"curies":[{"name":"wp","href":"https:\/\/api.w.org\/{rel}","templated":true}]}}