{"id":9000,"date":"2017-06-12T19:38:17","date_gmt":"2017-06-12T19:38:17","guid":{"rendered":"https:\/\/www.gruporecoletas.com\/?p=9000"},"modified":"2019-03-05T09:47:22","modified_gmt":"2019-03-05T09:47:22","slug":"uso-del-casco-motocicletas-ciclomotores","status":"publish","type":"post","link":"https:\/\/www.gruporecoletas.com\/noticias\/uso-del-casco-motocicletas-ciclomotores\/","title":{"rendered":"Uso del Casco en Motocicletas y Ciclomotores"},"content":{"rendered":"<p>Todos los estudios coinciden en afirmar los beneficios que se derivan de la <strong>utilizaci\u00f3n del casco<\/strong> por parte de los usuarios de motocicletas y ciclomotores, convirti\u00e9ndose en una sencilla medida que si fuera adoptada por todos los conductores y pasajeros de estos veh\u00edculos, conseguir\u00eda reducir de manera importante el n\u00famero y la lesividad de las v\u00edctimas de los accidentes en los que se vieran implicados.<\/p>\n<p>Las lesiones por accidentes son un <strong>importante problema de salud p\u00fablica<\/strong> y una de las principales causas de muerte y lesiones en todo el mundo. Cada a\u00f1o <strong>casi 1,2 millones de personas mueren<\/strong> como resultado de accidentes de carretera y millones de personas resultan heridas o discapacitadas.<\/p>\n<p><strong>Hay varios estilos de cascos<\/strong> que ofrecen una protecci\u00f3n diferente, Los dos tipos m\u00e1s comunes son:<\/p>\n<p><strong>Cascos completos:<\/strong><\/p>\n<p>Estos cascos ofrecen protecci\u00f3n facial adem\u00e1s de protecci\u00f3n contra impactos. Sus principales caracter\u00edstica es una barra de barbilla que se extiende hacia fuera, envolviendo alrededor de la barbilla y la mand\u00edbula zona. Extendi\u00e9ndose por encima de la mand\u00edbula, hay un puerto de visi\u00f3n que permite al usuario m\u00e1ximo de visi\u00f3n.<\/p>\n<p><strong>Cascos de cara abierta:<\/strong><\/p>\n<p>Los cascos de la cara abierta dan la protecci\u00f3n est\u00e1ndar contra impacto con su c\u00e1scara externa dura y el revestimiento interno triturable. En comparaci\u00f3n con el completo, que ofrecen s\u00f3lo una protecci\u00f3n limitada para la mand\u00edbula y el \u00e1rea de la barbilla. Pueden o no tener viseras retr\u00e1ctiles para proteger los ojos.    \t<\/p>\n","protected":false},"excerpt":{"rendered":"<p>Todos los estudios coinciden en afirmar los beneficios que se derivan de la utilizaci\u00f3n del casco por parte de los usuarios de motocicletas y ciclomotores, convirti\u00e9ndose en una sencilla medida que si fuera adoptada por todos los conductores y pasajeros de estos veh\u00edculos, conseguir\u00eda reducir de manera importante el n\u00famero y la lesividad de las [&hellip;]<\/p>\n","protected":false},"author":2,"featured_media":9003,"comment_status":"closed","ping_status":"closed","sticky":false,"template":"","format":"standard","meta":{"_acf_changed":false,"footnotes":""},"categories":[48],"tags":[],"class_list":["post-9000","post","type-post","status-publish","format-standard","has-post-thumbnail","hentry","category-prevencion"],"acf":[],"yoast_head":"<!-- This site is optimized with the Yoast SEO Premium plugin v27.3 (Yoast SEO v27.3) - https:\/\/yoast.com\/product\/yoast-seo-premium-wordpress\/ -->\n<title>Uso del Casco en Motocicletas y Ciclomotores - Noticias Grupo Recoletas<\/title>\n<meta name=\"robots\" content=\"index, follow, max-snippet:-1, max-image-preview:large, max-video-preview:-1\" \/>\n<link rel=\"canonical\" href=\"https:\/\/www.gruporecoletas.com\/noticias\/uso-del-casco-motocicletas-ciclomotores\/\" \/>\n<meta property=\"og:locale\" content=\"es_ES\" \/>\n<meta property=\"og:type\" content=\"article\" \/>\n<meta property=\"og:title\" content=\"Uso del Casco en Motocicletas y Ciclomotores\" \/>\n<meta property=\"og:description\" content=\"Todos los estudios coinciden en afirmar los beneficios que se derivan de la utilizaci\u00f3n del casco por parte de los usuarios de motocicletas y ciclomotores, convirti\u00e9ndose en una sencilla medida que si fuera adoptada por todos los conductores y pasajeros de estos veh\u00edculos, conseguir\u00eda reducir de manera importante el n\u00famero y la lesividad de las [&hellip;]\" \/>\n<meta property=\"og:url\" content=\"https:\/\/www.gruporecoletas.com\/noticias\/uso-del-casco-motocicletas-ciclomotores\/\" \/>\n<meta property=\"og:site_name\" content=\"Noticias Grupo Recoletas\" \/>\n<meta property=\"article:publisher\" content=\"https:\/\/www.facebook.com\/GrupoRecoletas\/\" \/>\n<meta property=\"article:published_time\" content=\"2017-06-12T19:38:17+00:00\" \/>\n<meta property=\"article:modified_time\" content=\"2019-03-05T09:47:22+00:00\" \/>\n<meta property=\"og:image\" content=\"https:\/\/www.gruporecoletas.com\/noticias\/wp-content\/uploads\/2017\/06\/casco.jpg\" \/>\n\t<meta property=\"og:image:width\" content=\"1761\" \/>\n\t<meta property=\"og:image:height\" content=\"1446\" \/>\n\t<meta property=\"og:image:type\" content=\"image\/jpeg\" \/>\n<meta name=\"author\" content=\"Recoletas Red Hospitalaria\" \/>\n<meta name=\"twitter:card\" content=\"summary_large_image\" \/>\n<meta name=\"twitter:creator\" content=\"@GrupoRecoletas\" \/>\n<meta name=\"twitter:site\" content=\"@GrupoRecoletas\" \/>\n<meta name=\"twitter:label1\" content=\"Escrito por\" \/>\n\t<meta name=\"twitter:data1\" content=\"Recoletas Red Hospitalaria\" \/>\n\t<meta name=\"twitter:label2\" content=\"Tiempo de lectura\" \/>\n\t<meta name=\"twitter:data2\" content=\"1 minuto\" \/>\n<script type=\"application\/ld+json\" class=\"yoast-schema-graph\">{\"@context\":\"https:\\\/\\\/schema.org\",\"@graph\":[{\"@type\":\"Article\",\"@id\":\"https:\\\/\\\/www.gruporecoletas.com\\\/noticias\\\/uso-del-casco-motocicletas-ciclomotores\\\/#article\",\"isPartOf\":{\"@id\":\"https:\\\/\\\/www.gruporecoletas.com\\\/noticias\\\/uso-del-casco-motocicletas-ciclomotores\\\/\"},\"author\":{\"name\":\"Recoletas Red Hospitalaria\",\"@id\":\"https:\\\/\\\/www.gruporecoletas.com\\\/noticias\\\/#\\\/schema\\\/person\\\/3c6ac429828d1f5e3d3bd99f4da9b02c\"},\"headline\":\"Uso del Casco en Motocicletas y Ciclomotores\",\"datePublished\":\"2017-06-12T19:38:17+00:00\",\"dateModified\":\"2019-03-05T09:47:22+00:00\",\"mainEntityOfPage\":{\"@id\":\"https:\\\/\\\/www.gruporecoletas.com\\\/noticias\\\/uso-del-casco-motocicletas-ciclomotores\\\/\"},\"wordCount\":270,\"image\":{\"@id\":\"https:\\\/\\\/www.gruporecoletas.com\\\/noticias\\\/uso-del-casco-motocicletas-ciclomotores\\\/#primaryimage\"},\"thumbnailUrl\":\"https:\\\/\\\/www.gruporecoletas.com\\\/noticias\\\/wp-content\\\/uploads\\\/2017\\\/06\\\/casco.jpg\",\"articleSection\":[\"Prevenci\u00f3n\"],\"inLanguage\":\"es\"},{\"@type\":\"WebPage\",\"@id\":\"https:\\\/\\\/www.gruporecoletas.com\\\/noticias\\\/uso-del-casco-motocicletas-ciclomotores\\\/\",\"url\":\"https:\\\/\\\/www.gruporecoletas.com\\\/noticias\\\/uso-del-casco-motocicletas-ciclomotores\\\/\",\"name\":\"Uso del Casco en Motocicletas y Ciclomotores - Noticias Grupo Recoletas\",\"isPartOf\":{\"@id\":\"https:\\\/\\\/www.gruporecoletas.com\\\/noticias\\\/#website\"},\"primaryImageOfPage\":{\"@id\":\"https:\\\/\\\/www.gruporecoletas.com\\\/noticias\\\/uso-del-casco-motocicletas-ciclomotores\\\/#primaryimage\"},\"image\":{\"@id\":\"https:\\\/\\\/www.gruporecoletas.com\\\/noticias\\\/uso-del-casco-motocicletas-ciclomotores\\\/#primaryimage\"},\"thumbnailUrl\":\"https:\\\/\\\/www.gruporecoletas.com\\\/noticias\\\/wp-content\\\/uploads\\\/2017\\\/06\\\/casco.jpg\",\"datePublished\":\"2017-06-12T19:38:17+00:00\",\"dateModified\":\"2019-03-05T09:47:22+00:00\",\"author\":{\"@id\":\"https:\\\/\\\/www.gruporecoletas.com\\\/noticias\\\/#\\\/schema\\\/person\\\/3c6ac429828d1f5e3d3bd99f4da9b02c\"},\"breadcrumb\":{\"@id\":\"https:\\\/\\\/www.gruporecoletas.com\\\/noticias\\\/uso-del-casco-motocicletas-ciclomotores\\\/#breadcrumb\"},\"inLanguage\":\"es\",\"potentialAction\":[{\"@type\":\"ReadAction\",\"target\":[\"https:\\\/\\\/www.gruporecoletas.com\\\/noticias\\\/uso-del-casco-motocicletas-ciclomotores\\\/\"]}]},{\"@type\":\"ImageObject\",\"inLanguage\":\"es\",\"@id\":\"https:\\\/\\\/www.gruporecoletas.com\\\/noticias\\\/uso-del-casco-motocicletas-ciclomotores\\\/#primaryimage\",\"url\":\"https:\\\/\\\/www.gruporecoletas.com\\\/noticias\\\/wp-content\\\/uploads\\\/2017\\\/06\\\/casco.jpg\",\"contentUrl\":\"https:\\\/\\\/www.gruporecoletas.com\\\/noticias\\\/wp-content\\\/uploads\\\/2017\\\/06\\\/casco.jpg\",\"width\":1761,\"height\":1446},{\"@type\":\"BreadcrumbList\",\"@id\":\"https:\\\/\\\/www.gruporecoletas.com\\\/noticias\\\/uso-del-casco-motocicletas-ciclomotores\\\/#breadcrumb\",\"itemListElement\":[{\"@type\":\"ListItem\",\"position\":1,\"name\":\"Portada\",\"item\":\"https:\\\/\\\/www.gruporecoletas.com\\\/noticias\\\/\"},{\"@type\":\"ListItem\",\"position\":2,\"name\":\"Uso del Casco en Motocicletas y Ciclomotores\"}]},{\"@type\":\"WebSite\",\"@id\":\"https:\\\/\\\/www.gruporecoletas.com\\\/noticias\\\/#website\",\"url\":\"https:\\\/\\\/www.gruporecoletas.com\\\/noticias\\\/\",\"name\":\"Noticias Grupo Recoletas\",\"description\":\"Grupo Recoletas\",\"potentialAction\":[{\"@type\":\"SearchAction\",\"target\":{\"@type\":\"EntryPoint\",\"urlTemplate\":\"https:\\\/\\\/www.gruporecoletas.com\\\/noticias\\\/?s={search_term_string}\"},\"query-input\":{\"@type\":\"PropertyValueSpecification\",\"valueRequired\":true,\"valueName\":\"search_term_string\"}}],\"inLanguage\":\"es\"},{\"@type\":\"Person\",\"@id\":\"https:\\\/\\\/www.gruporecoletas.com\\\/noticias\\\/#\\\/schema\\\/person\\\/3c6ac429828d1f5e3d3bd99f4da9b02c\",\"name\":\"Recoletas Red Hospitalaria\",\"url\":\"https:\\\/\\\/www.gruporecoletas.com\\\/noticias\\\/author\\\/comunicacion\\\/\"}]}<\/script>\n<!-- \/ Yoast SEO Premium plugin. -->","yoast_head_json":{"title":"Uso del Casco en Motocicletas y Ciclomotores - Noticias Grupo Recoletas","robots":{"index":"index","follow":"follow","max-snippet":"max-snippet:-1","max-image-preview":"max-image-preview:large","max-video-preview":"max-video-preview:-1"},"canonical":"https:\/\/www.gruporecoletas.com\/noticias\/uso-del-casco-motocicletas-ciclomotores\/","og_locale":"es_ES","og_type":"article","og_title":"Uso del Casco en Motocicletas y Ciclomotores","og_description":"Todos los estudios coinciden en afirmar los beneficios que se derivan de la utilizaci\u00f3n del casco por parte de los usuarios de motocicletas y ciclomotores, convirti\u00e9ndose en una sencilla medida que si fuera adoptada por todos los conductores y pasajeros de estos veh\u00edculos, conseguir\u00eda reducir de manera importante el n\u00famero y la lesividad de las [&hellip;]","og_url":"https:\/\/www.gruporecoletas.com\/noticias\/uso-del-casco-motocicletas-ciclomotores\/","og_site_name":"Noticias Grupo Recoletas","article_publisher":"https:\/\/www.facebook.com\/GrupoRecoletas\/","article_published_time":"2017-06-12T19:38:17+00:00","article_modified_time":"2019-03-05T09:47:22+00:00","og_image":[{"width":1761,"height":1446,"url":"https:\/\/www.gruporecoletas.com\/noticias\/wp-content\/uploads\/2017\/06\/casco.jpg","type":"image\/jpeg"}],"author":"Recoletas Red Hospitalaria","twitter_card":"summary_large_image","twitter_creator":"@GrupoRecoletas","twitter_site":"@GrupoRecoletas","twitter_misc":{"Escrito por":"Recoletas Red Hospitalaria","Tiempo de lectura":"1 minuto"},"schema":{"@context":"https:\/\/schema.org","@graph":[{"@type":"Article","@id":"https:\/\/www.gruporecoletas.com\/noticias\/uso-del-casco-motocicletas-ciclomotores\/#article","isPartOf":{"@id":"https:\/\/www.gruporecoletas.com\/noticias\/uso-del-casco-motocicletas-ciclomotores\/"},"author":{"name":"Recoletas Red Hospitalaria","@id":"https:\/\/www.gruporecoletas.com\/noticias\/#\/schema\/person\/3c6ac429828d1f5e3d3bd99f4da9b02c"},"headline":"Uso del Casco en Motocicletas y Ciclomotores","datePublished":"2017-06-12T19:38:17+00:00","dateModified":"2019-03-05T09:47:22+00:00","mainEntityOfPage":{"@id":"https:\/\/www.gruporecoletas.com\/noticias\/uso-del-casco-motocicletas-ciclomotores\/"},"wordCount":270,"image":{"@id":"https:\/\/www.gruporecoletas.com\/noticias\/uso-del-casco-motocicletas-ciclomotores\/#primaryimage"},"thumbnailUrl":"https:\/\/www.gruporecoletas.com\/noticias\/wp-content\/uploads\/2017\/06\/casco.jpg","articleSection":["Prevenci\u00f3n"],"inLanguage":"es"},{"@type":"WebPage","@id":"https:\/\/www.gruporecoletas.com\/noticias\/uso-del-casco-motocicletas-ciclomotores\/","url":"https:\/\/www.gruporecoletas.com\/noticias\/uso-del-casco-motocicletas-ciclomotores\/","name":"Uso del Casco en Motocicletas y Ciclomotores - Noticias Grupo Recoletas","isPartOf":{"@id":"https:\/\/www.gruporecoletas.com\/noticias\/#website"},"primaryImageOfPage":{"@id":"https:\/\/www.gruporecoletas.com\/noticias\/uso-del-casco-motocicletas-ciclomotores\/#primaryimage"},"image":{"@id":"https:\/\/www.gruporecoletas.com\/noticias\/uso-del-casco-motocicletas-ciclomotores\/#primaryimage"},"thumbnailUrl":"https:\/\/www.gruporecoletas.com\/noticias\/wp-content\/uploads\/2017\/06\/casco.jpg","datePublished":"2017-06-12T19:38:17+00:00","dateModified":"2019-03-05T09:47:22+00:00","author":{"@id":"https:\/\/www.gruporecoletas.com\/noticias\/#\/schema\/person\/3c6ac429828d1f5e3d3bd99f4da9b02c"},"breadcrumb":{"@id":"https:\/\/www.gruporecoletas.com\/noticias\/uso-del-casco-motocicletas-ciclomotores\/#breadcrumb"},"inLanguage":"es","potentialAction":[{"@type":"ReadAction","target":["https:\/\/www.gruporecoletas.com\/noticias\/uso-del-casco-motocicletas-ciclomotores\/"]}]},{"@type":"ImageObject","inLanguage":"es","@id":"https:\/\/www.gruporecoletas.com\/noticias\/uso-del-casco-motocicletas-ciclomotores\/#primaryimage","url":"https:\/\/www.gruporecoletas.com\/noticias\/wp-content\/uploads\/2017\/06\/casco.jpg","contentUrl":"https:\/\/www.gruporecoletas.com\/noticias\/wp-content\/uploads\/2017\/06\/casco.jpg","width":1761,"height":1446},{"@type":"BreadcrumbList","@id":"https:\/\/www.gruporecoletas.com\/noticias\/uso-del-casco-motocicletas-ciclomotores\/#breadcrumb","itemListElement":[{"@type":"ListItem","position":1,"name":"Portada","item":"https:\/\/www.gruporecoletas.com\/noticias\/"},{"@type":"ListItem","position":2,"name":"Uso del Casco en Motocicletas y Ciclomotores"}]},{"@type":"WebSite","@id":"https:\/\/www.gruporecoletas.com\/noticias\/#website","url":"https:\/\/www.gruporecoletas.com\/noticias\/","name":"Noticias Grupo Recoletas","description":"Grupo Recoletas","potentialAction":[{"@type":"SearchAction","target":{"@type":"EntryPoint","urlTemplate":"https:\/\/www.gruporecoletas.com\/noticias\/?s={search_term_string}"},"query-input":{"@type":"PropertyValueSpecification","valueRequired":true,"valueName":"search_term_string"}}],"inLanguage":"es"},{"@type":"Person","@id":"https:\/\/www.gruporecoletas.com\/noticias\/#\/schema\/person\/3c6ac429828d1f5e3d3bd99f4da9b02c","name":"Recoletas Red Hospitalaria","url":"https:\/\/www.gruporecoletas.com\/noticias\/author\/comunicacion\/"}]}},"_links":{"self":[{"href":"https:\/\/www.gruporecoletas.com\/noticias\/wp-json\/wp\/v2\/posts\/9000","targetHints":{"allow":["GET"]}}],"collection":[{"href":"https:\/\/www.gruporecoletas.com\/noticias\/wp-json\/wp\/v2\/posts"}],"about":[{"href":"https:\/\/www.gruporecoletas.com\/noticias\/wp-json\/wp\/v2\/types\/post"}],"author":[{"embeddable":true,"href":"https:\/\/www.gruporecoletas.com\/noticias\/wp-json\/wp\/v2\/users\/2"}],"replies":[{"embeddable":true,"href":"https:\/\/www.gruporecoletas.com\/noticias\/wp-json\/wp\/v2\/comments?post=9000"}],"version-history":[{"count":1,"href":"https:\/\/www.gruporecoletas.com\/noticias\/wp-json\/wp\/v2\/posts\/9000\/revisions"}],"predecessor-version":[{"id":11787,"href":"https:\/\/www.gruporecoletas.com\/noticias\/wp-json\/wp\/v2\/posts\/9000\/revisions\/11787"}],"wp:featuredmedia":[{"embeddable":true,"href":"https:\/\/www.gruporecoletas.com\/noticias\/wp-json\/wp\/v2\/media\/9003"}],"wp:attachment":[{"href":"https:\/\/www.gruporecoletas.com\/noticias\/wp-json\/wp\/v2\/media?parent=9000"}],"wp:term":[{"taxonomy":"category","embeddable":true,"href":"https:\/\/www.gruporecoletas.com\/noticias\/wp-json\/wp\/v2\/categories?post=9000"},{"taxonomy":"post_tag","embeddable":true,"href":"https:\/\/www.gruporecoletas.com\/noticias\/wp-json\/wp\/v2\/tags?post=9000"}],"curies":[{"name":"wp","href":"https:\/\/api.w.org\/{rel}","templated":true}]}}