{"id":9181,"date":"2017-07-03T19:59:45","date_gmt":"2017-07-03T19:59:45","guid":{"rendered":"https:\/\/www.gruporecoletas.com\/?p=9181"},"modified":"2021-10-06T11:10:09","modified_gmt":"2021-10-06T09:10:09","slug":"los-medicos-quieren-prohibir-fumar-coches-ninos-estadios-paradas-autobus","status":"publish","type":"post","link":"https:\/\/www.gruporecoletas.com\/noticias\/los-medicos-quieren-prohibir-fumar-coches-ninos-estadios-paradas-autobus\/","title":{"rendered":"Los m\u00e9dicos quieren prohibir fumar en coches con ni\u00f1os, estadios y paradas de autob\u00fas"},"content":{"rendered":"<p>La <strong>Organizaci\u00f3n M\u00e9dica Colegial (OMC) <\/strong>ha reiterado su defensa de que se <strong>proh\u00edba fumar en los coches donde viajen ni\u00f1os y embarazadas<\/strong> ante la propuesta de modificaci\u00f3n de la Ley 28\/2005 de 26 de diciembre, de medidas sanitarias frente al tabaquismo y reguladora de la venta, suministro, consumo y publicidad de productos de tabaco.<\/p>\n<p>La Organizaci\u00f3n considera que consumir tabaco dentro de veh\u00edculos con ni\u00f1os a bordo representa un \u00abagravio y una <strong>forma de maltrato hacia los menores\u00bb <\/strong>y, en definitiva, \u00abatenta contra su salud\u00bb, de manera que pide al Gobierno una regulaci\u00f3n estricta en este sentido.<\/p>\n<table width=\"10\" cellspacing=\"0\" cellpadding=\"0\" align=\"right\">\n<tbody>\n<tr>\n<td>Pide que se regule expresamente la \u00abprohibici\u00f3n de fumar en el interior de veh\u00edculos privados\u00bb<\/td>\n<\/tr>\n<\/tbody>\n<\/table>\n<p>La OMC se suma as\u00ed a esta y otras alegaciones elaboradas por el <strong>Comit\u00e9 Nacional para la Prevenci\u00f3n del Tabaquismo<\/strong> (CNPT) al anteproyecto normativo que modificar\u00e1 la actual Ley del Tabaco, del que se inform\u00f3 favorablemente en el Consejo de Ministros del pasado 9 de junio, y que servir\u00e1 para culminar la <strong>trasposici\u00f3n de la Directiva<\/strong> 2014\/40\/UE del Parlamento Europeo y del Consejo, de 3 de abril de 2014.<\/p>\n<p>Precisamente desde el CNPT, del que es miembro la OMC, se insta a que la modificaci\u00f3n de la ley 28\/2005 <strong>no se limite a una mera adaptaci\u00f3n<\/strong> de la normativa europea sino que se abra a \u00abun escenario de mejoras en la prevenci\u00f3n y control del tabaquismo en nuestro pa\u00eds\u00bb, favoreciendo rigurosamente la regulaci\u00f3n de espacios libres de humo.<\/p>\n<p>Lo que se solicita es una <strong>modificaci\u00f3n del art\u00edculo 7 de la actual Ley del Tabaco<\/strong> y que se incorpore un apartado que estipule con claridad \u00abla prohibici\u00f3n de fumar en el interior de los veh\u00edculos privados, especialmente en presencia de menores y de embarazadas\u00bb.<\/p>\n<p>En relaci\u00f3n a espacios libres de humo, el CNPT solicita que la prohibici\u00f3n de fumar <strong>se extienda a otros recintos<\/strong>, entre otros, campos de f\u00fatbol, as\u00ed como en los accesos inmediatos a centros docentes y formativos, al igual que en paradas de servicios p\u00fablicos y transportes, inclusive en zonas al aire libre.<\/p>\n<p><strong>M\u00e1s propuestas coincidentes<\/strong><\/p>\n<p>Otra de las medidas que defiende el CNPT pasa por la equiparaci\u00f3n de los dispositivos susceptibles de liberaci\u00f3n de nicotina, como <strong>cigarrillos electr\u00f3nicos<\/strong>, a los productos del tabaco a efectos de <strong>su uso en espacios p\u00fablicos<\/strong>, incluyendo aqu\u00e9llos cerrados de ocio. Tambi\u00e9n se pide que la fiscalidad sea semejante para todas las labores de tabaco.<\/p>\n<p>El <strong>empaquetado neutro<\/strong> es considerado por el Comit\u00e9 Nacional Para la Prevenci\u00f3n del Tabaquismo como una medida eficaz para reducir el consumo de cigarrillos.<\/p>\n<p>Asegurar la <strong>prohibici\u00f3n de todo tipo de publicidad de estos productos<\/strong>, establecer un sistema de trazabilidad independiente y promover campa\u00f1as de prevenci\u00f3n del tabaquismo que retrasen el inicio del consumo son otras de las medidas que el CNPT considera necesarias, adem\u00e1s de mejorar la atenci\u00f3n a las personas fumadoras y evitar la interferencia de la industria tabaquera.<\/p>\n<p>Para finalizar, dicho Comit\u00e9 lamenta que se haya optado por la tramitaci\u00f3n urgente de la modificaci\u00f3n de la Ley del Tabaco, ya que ello \u201cdeja muy poco espacio al debate pol\u00edtico y social necesario para mejorar la prevenci\u00f3n del tabaquismo en Espa\u00f1a\u201d.<\/p>\n<p>V\u00eda:&nbsp;<a href=\"http:\/\/www.redaccionmedica.com\" target=\"_blank\" rel=\"noopener\">www.redaccionmedica.com<\/a><\/p>\n","protected":false},"excerpt":{"rendered":"<p>La Organizaci\u00f3n M\u00e9dica Colegial (OMC) ha reiterado su defensa de que se proh\u00edba fumar en los coches donde viajen ni\u00f1os y embarazadas ante la propuesta de modificaci\u00f3n de la Ley 28\/2005 de 26 de diciembre, de medidas sanitarias frente al tabaquismo y reguladora de la venta, suministro, consumo y publicidad de productos de tabaco. La [&hellip;]<\/p>\n","protected":false},"author":2,"featured_media":9182,"comment_status":"closed","ping_status":"closed","sticky":false,"template":"","format":"standard","meta":{"_acf_changed":false,"footnotes":""},"categories":[48],"tags":[],"class_list":["post-9181","post","type-post","status-publish","format-standard","has-post-thumbnail","hentry","category-prevencion"],"acf":[],"yoast_head":"<!-- This site is optimized with the Yoast SEO Premium plugin v27.3 (Yoast SEO v27.3) - https:\/\/yoast.com\/product\/yoast-seo-premium-wordpress\/ -->\n<title>Los m\u00e9dicos quieren prohibir fumar en coches con ni\u00f1os, estadios y paradas de autob\u00fas - Noticias Grupo Recoletas<\/title>\n<meta name=\"robots\" content=\"index, follow, max-snippet:-1, max-image-preview:large, max-video-preview:-1\" \/>\n<link rel=\"canonical\" href=\"https:\/\/www.gruporecoletas.com\/noticias\/los-medicos-quieren-prohibir-fumar-coches-ninos-estadios-paradas-autobus\/\" \/>\n<meta property=\"og:locale\" content=\"es_ES\" \/>\n<meta property=\"og:type\" content=\"article\" \/>\n<meta property=\"og:title\" content=\"Los m\u00e9dicos quieren prohibir fumar en coches con ni\u00f1os, estadios y paradas de autob\u00fas\" \/>\n<meta property=\"og:description\" content=\"La Organizaci\u00f3n M\u00e9dica Colegial (OMC) ha reiterado su defensa de que se proh\u00edba fumar en los coches donde viajen ni\u00f1os y embarazadas ante la propuesta de modificaci\u00f3n de la Ley 28\/2005 de 26 de diciembre, de medidas sanitarias frente al tabaquismo y reguladora de la venta, suministro, consumo y publicidad de productos de tabaco. La [&hellip;]\" \/>\n<meta property=\"og:url\" content=\"https:\/\/www.gruporecoletas.com\/noticias\/los-medicos-quieren-prohibir-fumar-coches-ninos-estadios-paradas-autobus\/\" \/>\n<meta property=\"og:site_name\" content=\"Noticias Grupo Recoletas\" \/>\n<meta property=\"article:publisher\" content=\"https:\/\/www.facebook.com\/GrupoRecoletas\/\" \/>\n<meta property=\"article:published_time\" content=\"2017-07-03T19:59:45+00:00\" \/>\n<meta property=\"article:modified_time\" content=\"2021-10-06T09:10:09+00:00\" \/>\n<meta property=\"og:image\" content=\"https:\/\/www.gruporecoletas.com\/noticias\/wp-content\/uploads\/2017\/07\/tabaco.jpg\" \/>\n\t<meta property=\"og:image:width\" content=\"1400\" \/>\n\t<meta property=\"og:image:height\" content=\"933\" \/>\n\t<meta property=\"og:image:type\" content=\"image\/jpeg\" \/>\n<meta name=\"author\" content=\"Recoletas Red Hospitalaria\" \/>\n<meta name=\"twitter:card\" content=\"summary_large_image\" \/>\n<meta name=\"twitter:creator\" content=\"@GrupoRecoletas\" \/>\n<meta name=\"twitter:site\" content=\"@GrupoRecoletas\" \/>\n<meta name=\"twitter:label1\" content=\"Escrito por\" \/>\n\t<meta name=\"twitter:data1\" content=\"Recoletas Red Hospitalaria\" \/>\n\t<meta name=\"twitter:label2\" content=\"Tiempo de lectura\" \/>\n\t<meta name=\"twitter:data2\" content=\"3 minutos\" \/>\n<script type=\"application\/ld+json\" class=\"yoast-schema-graph\">{\"@context\":\"https:\\\/\\\/schema.org\",\"@graph\":[{\"@type\":\"Article\",\"@id\":\"https:\\\/\\\/www.gruporecoletas.com\\\/noticias\\\/los-medicos-quieren-prohibir-fumar-coches-ninos-estadios-paradas-autobus\\\/#article\",\"isPartOf\":{\"@id\":\"https:\\\/\\\/www.gruporecoletas.com\\\/noticias\\\/los-medicos-quieren-prohibir-fumar-coches-ninos-estadios-paradas-autobus\\\/\"},\"author\":{\"name\":\"Recoletas Red Hospitalaria\",\"@id\":\"https:\\\/\\\/www.gruporecoletas.com\\\/noticias\\\/#\\\/schema\\\/person\\\/3c6ac429828d1f5e3d3bd99f4da9b02c\"},\"headline\":\"Los m\u00e9dicos quieren prohibir fumar en coches con ni\u00f1os, estadios y paradas de autob\u00fas\",\"datePublished\":\"2017-07-03T19:59:45+00:00\",\"dateModified\":\"2021-10-06T09:10:09+00:00\",\"mainEntityOfPage\":{\"@id\":\"https:\\\/\\\/www.gruporecoletas.com\\\/noticias\\\/los-medicos-quieren-prohibir-fumar-coches-ninos-estadios-paradas-autobus\\\/\"},\"wordCount\":578,\"image\":{\"@id\":\"https:\\\/\\\/www.gruporecoletas.com\\\/noticias\\\/los-medicos-quieren-prohibir-fumar-coches-ninos-estadios-paradas-autobus\\\/#primaryimage\"},\"thumbnailUrl\":\"https:\\\/\\\/www.gruporecoletas.com\\\/noticias\\\/wp-content\\\/uploads\\\/2017\\\/07\\\/tabaco.jpg\",\"articleSection\":[\"Prevenci\u00f3n\"],\"inLanguage\":\"es\"},{\"@type\":\"WebPage\",\"@id\":\"https:\\\/\\\/www.gruporecoletas.com\\\/noticias\\\/los-medicos-quieren-prohibir-fumar-coches-ninos-estadios-paradas-autobus\\\/\",\"url\":\"https:\\\/\\\/www.gruporecoletas.com\\\/noticias\\\/los-medicos-quieren-prohibir-fumar-coches-ninos-estadios-paradas-autobus\\\/\",\"name\":\"Los m\u00e9dicos quieren prohibir fumar en coches con ni\u00f1os, estadios y paradas de autob\u00fas - Noticias Grupo Recoletas\",\"isPartOf\":{\"@id\":\"https:\\\/\\\/www.gruporecoletas.com\\\/noticias\\\/#website\"},\"primaryImageOfPage\":{\"@id\":\"https:\\\/\\\/www.gruporecoletas.com\\\/noticias\\\/los-medicos-quieren-prohibir-fumar-coches-ninos-estadios-paradas-autobus\\\/#primaryimage\"},\"image\":{\"@id\":\"https:\\\/\\\/www.gruporecoletas.com\\\/noticias\\\/los-medicos-quieren-prohibir-fumar-coches-ninos-estadios-paradas-autobus\\\/#primaryimage\"},\"thumbnailUrl\":\"https:\\\/\\\/www.gruporecoletas.com\\\/noticias\\\/wp-content\\\/uploads\\\/2017\\\/07\\\/tabaco.jpg\",\"datePublished\":\"2017-07-03T19:59:45+00:00\",\"dateModified\":\"2021-10-06T09:10:09+00:00\",\"author\":{\"@id\":\"https:\\\/\\\/www.gruporecoletas.com\\\/noticias\\\/#\\\/schema\\\/person\\\/3c6ac429828d1f5e3d3bd99f4da9b02c\"},\"breadcrumb\":{\"@id\":\"https:\\\/\\\/www.gruporecoletas.com\\\/noticias\\\/los-medicos-quieren-prohibir-fumar-coches-ninos-estadios-paradas-autobus\\\/#breadcrumb\"},\"inLanguage\":\"es\",\"potentialAction\":[{\"@type\":\"ReadAction\",\"target\":[\"https:\\\/\\\/www.gruporecoletas.com\\\/noticias\\\/los-medicos-quieren-prohibir-fumar-coches-ninos-estadios-paradas-autobus\\\/\"]}]},{\"@type\":\"ImageObject\",\"inLanguage\":\"es\",\"@id\":\"https:\\\/\\\/www.gruporecoletas.com\\\/noticias\\\/los-medicos-quieren-prohibir-fumar-coches-ninos-estadios-paradas-autobus\\\/#primaryimage\",\"url\":\"https:\\\/\\\/www.gruporecoletas.com\\\/noticias\\\/wp-content\\\/uploads\\\/2017\\\/07\\\/tabaco.jpg\",\"contentUrl\":\"https:\\\/\\\/www.gruporecoletas.com\\\/noticias\\\/wp-content\\\/uploads\\\/2017\\\/07\\\/tabaco.jpg\",\"width\":1400,\"height\":933},{\"@type\":\"BreadcrumbList\",\"@id\":\"https:\\\/\\\/www.gruporecoletas.com\\\/noticias\\\/los-medicos-quieren-prohibir-fumar-coches-ninos-estadios-paradas-autobus\\\/#breadcrumb\",\"itemListElement\":[{\"@type\":\"ListItem\",\"position\":1,\"name\":\"Portada\",\"item\":\"https:\\\/\\\/www.gruporecoletas.com\\\/noticias\\\/\"},{\"@type\":\"ListItem\",\"position\":2,\"name\":\"Los m\u00e9dicos quieren prohibir fumar en coches con ni\u00f1os, estadios y paradas de autob\u00fas\"}]},{\"@type\":\"WebSite\",\"@id\":\"https:\\\/\\\/www.gruporecoletas.com\\\/noticias\\\/#website\",\"url\":\"https:\\\/\\\/www.gruporecoletas.com\\\/noticias\\\/\",\"name\":\"Noticias Grupo Recoletas\",\"description\":\"Grupo Recoletas\",\"potentialAction\":[{\"@type\":\"SearchAction\",\"target\":{\"@type\":\"EntryPoint\",\"urlTemplate\":\"https:\\\/\\\/www.gruporecoletas.com\\\/noticias\\\/?s={search_term_string}\"},\"query-input\":{\"@type\":\"PropertyValueSpecification\",\"valueRequired\":true,\"valueName\":\"search_term_string\"}}],\"inLanguage\":\"es\"},{\"@type\":\"Person\",\"@id\":\"https:\\\/\\\/www.gruporecoletas.com\\\/noticias\\\/#\\\/schema\\\/person\\\/3c6ac429828d1f5e3d3bd99f4da9b02c\",\"name\":\"Recoletas Red Hospitalaria\",\"url\":\"https:\\\/\\\/www.gruporecoletas.com\\\/noticias\\\/author\\\/comunicacion\\\/\"}]}<\/script>\n<!-- \/ Yoast SEO Premium plugin. -->","yoast_head_json":{"title":"Los m\u00e9dicos quieren prohibir fumar en coches con ni\u00f1os, estadios y paradas de autob\u00fas - Noticias Grupo Recoletas","robots":{"index":"index","follow":"follow","max-snippet":"max-snippet:-1","max-image-preview":"max-image-preview:large","max-video-preview":"max-video-preview:-1"},"canonical":"https:\/\/www.gruporecoletas.com\/noticias\/los-medicos-quieren-prohibir-fumar-coches-ninos-estadios-paradas-autobus\/","og_locale":"es_ES","og_type":"article","og_title":"Los m\u00e9dicos quieren prohibir fumar en coches con ni\u00f1os, estadios y paradas de autob\u00fas","og_description":"La Organizaci\u00f3n M\u00e9dica Colegial (OMC) ha reiterado su defensa de que se proh\u00edba fumar en los coches donde viajen ni\u00f1os y embarazadas ante la propuesta de modificaci\u00f3n de la Ley 28\/2005 de 26 de diciembre, de medidas sanitarias frente al tabaquismo y reguladora de la venta, suministro, consumo y publicidad de productos de tabaco. La [&hellip;]","og_url":"https:\/\/www.gruporecoletas.com\/noticias\/los-medicos-quieren-prohibir-fumar-coches-ninos-estadios-paradas-autobus\/","og_site_name":"Noticias Grupo Recoletas","article_publisher":"https:\/\/www.facebook.com\/GrupoRecoletas\/","article_published_time":"2017-07-03T19:59:45+00:00","article_modified_time":"2021-10-06T09:10:09+00:00","og_image":[{"width":1400,"height":933,"url":"https:\/\/www.gruporecoletas.com\/noticias\/wp-content\/uploads\/2017\/07\/tabaco.jpg","type":"image\/jpeg"}],"author":"Recoletas Red Hospitalaria","twitter_card":"summary_large_image","twitter_creator":"@GrupoRecoletas","twitter_site":"@GrupoRecoletas","twitter_misc":{"Escrito por":"Recoletas Red Hospitalaria","Tiempo de lectura":"3 minutos"},"schema":{"@context":"https:\/\/schema.org","@graph":[{"@type":"Article","@id":"https:\/\/www.gruporecoletas.com\/noticias\/los-medicos-quieren-prohibir-fumar-coches-ninos-estadios-paradas-autobus\/#article","isPartOf":{"@id":"https:\/\/www.gruporecoletas.com\/noticias\/los-medicos-quieren-prohibir-fumar-coches-ninos-estadios-paradas-autobus\/"},"author":{"name":"Recoletas Red Hospitalaria","@id":"https:\/\/www.gruporecoletas.com\/noticias\/#\/schema\/person\/3c6ac429828d1f5e3d3bd99f4da9b02c"},"headline":"Los m\u00e9dicos quieren prohibir fumar en coches con ni\u00f1os, estadios y paradas de autob\u00fas","datePublished":"2017-07-03T19:59:45+00:00","dateModified":"2021-10-06T09:10:09+00:00","mainEntityOfPage":{"@id":"https:\/\/www.gruporecoletas.com\/noticias\/los-medicos-quieren-prohibir-fumar-coches-ninos-estadios-paradas-autobus\/"},"wordCount":578,"image":{"@id":"https:\/\/www.gruporecoletas.com\/noticias\/los-medicos-quieren-prohibir-fumar-coches-ninos-estadios-paradas-autobus\/#primaryimage"},"thumbnailUrl":"https:\/\/www.gruporecoletas.com\/noticias\/wp-content\/uploads\/2017\/07\/tabaco.jpg","articleSection":["Prevenci\u00f3n"],"inLanguage":"es"},{"@type":"WebPage","@id":"https:\/\/www.gruporecoletas.com\/noticias\/los-medicos-quieren-prohibir-fumar-coches-ninos-estadios-paradas-autobus\/","url":"https:\/\/www.gruporecoletas.com\/noticias\/los-medicos-quieren-prohibir-fumar-coches-ninos-estadios-paradas-autobus\/","name":"Los m\u00e9dicos quieren prohibir fumar en coches con ni\u00f1os, estadios y paradas de autob\u00fas - Noticias Grupo Recoletas","isPartOf":{"@id":"https:\/\/www.gruporecoletas.com\/noticias\/#website"},"primaryImageOfPage":{"@id":"https:\/\/www.gruporecoletas.com\/noticias\/los-medicos-quieren-prohibir-fumar-coches-ninos-estadios-paradas-autobus\/#primaryimage"},"image":{"@id":"https:\/\/www.gruporecoletas.com\/noticias\/los-medicos-quieren-prohibir-fumar-coches-ninos-estadios-paradas-autobus\/#primaryimage"},"thumbnailUrl":"https:\/\/www.gruporecoletas.com\/noticias\/wp-content\/uploads\/2017\/07\/tabaco.jpg","datePublished":"2017-07-03T19:59:45+00:00","dateModified":"2021-10-06T09:10:09+00:00","author":{"@id":"https:\/\/www.gruporecoletas.com\/noticias\/#\/schema\/person\/3c6ac429828d1f5e3d3bd99f4da9b02c"},"breadcrumb":{"@id":"https:\/\/www.gruporecoletas.com\/noticias\/los-medicos-quieren-prohibir-fumar-coches-ninos-estadios-paradas-autobus\/#breadcrumb"},"inLanguage":"es","potentialAction":[{"@type":"ReadAction","target":["https:\/\/www.gruporecoletas.com\/noticias\/los-medicos-quieren-prohibir-fumar-coches-ninos-estadios-paradas-autobus\/"]}]},{"@type":"ImageObject","inLanguage":"es","@id":"https:\/\/www.gruporecoletas.com\/noticias\/los-medicos-quieren-prohibir-fumar-coches-ninos-estadios-paradas-autobus\/#primaryimage","url":"https:\/\/www.gruporecoletas.com\/noticias\/wp-content\/uploads\/2017\/07\/tabaco.jpg","contentUrl":"https:\/\/www.gruporecoletas.com\/noticias\/wp-content\/uploads\/2017\/07\/tabaco.jpg","width":1400,"height":933},{"@type":"BreadcrumbList","@id":"https:\/\/www.gruporecoletas.com\/noticias\/los-medicos-quieren-prohibir-fumar-coches-ninos-estadios-paradas-autobus\/#breadcrumb","itemListElement":[{"@type":"ListItem","position":1,"name":"Portada","item":"https:\/\/www.gruporecoletas.com\/noticias\/"},{"@type":"ListItem","position":2,"name":"Los m\u00e9dicos quieren prohibir fumar en coches con ni\u00f1os, estadios y paradas de autob\u00fas"}]},{"@type":"WebSite","@id":"https:\/\/www.gruporecoletas.com\/noticias\/#website","url":"https:\/\/www.gruporecoletas.com\/noticias\/","name":"Noticias Grupo Recoletas","description":"Grupo Recoletas","potentialAction":[{"@type":"SearchAction","target":{"@type":"EntryPoint","urlTemplate":"https:\/\/www.gruporecoletas.com\/noticias\/?s={search_term_string}"},"query-input":{"@type":"PropertyValueSpecification","valueRequired":true,"valueName":"search_term_string"}}],"inLanguage":"es"},{"@type":"Person","@id":"https:\/\/www.gruporecoletas.com\/noticias\/#\/schema\/person\/3c6ac429828d1f5e3d3bd99f4da9b02c","name":"Recoletas Red Hospitalaria","url":"https:\/\/www.gruporecoletas.com\/noticias\/author\/comunicacion\/"}]}},"_links":{"self":[{"href":"https:\/\/www.gruporecoletas.com\/noticias\/wp-json\/wp\/v2\/posts\/9181","targetHints":{"allow":["GET"]}}],"collection":[{"href":"https:\/\/www.gruporecoletas.com\/noticias\/wp-json\/wp\/v2\/posts"}],"about":[{"href":"https:\/\/www.gruporecoletas.com\/noticias\/wp-json\/wp\/v2\/types\/post"}],"author":[{"embeddable":true,"href":"https:\/\/www.gruporecoletas.com\/noticias\/wp-json\/wp\/v2\/users\/2"}],"replies":[{"embeddable":true,"href":"https:\/\/www.gruporecoletas.com\/noticias\/wp-json\/wp\/v2\/comments?post=9181"}],"version-history":[{"count":3,"href":"https:\/\/www.gruporecoletas.com\/noticias\/wp-json\/wp\/v2\/posts\/9181\/revisions"}],"predecessor-version":[{"id":15039,"href":"https:\/\/www.gruporecoletas.com\/noticias\/wp-json\/wp\/v2\/posts\/9181\/revisions\/15039"}],"wp:featuredmedia":[{"embeddable":true,"href":"https:\/\/www.gruporecoletas.com\/noticias\/wp-json\/wp\/v2\/media\/9182"}],"wp:attachment":[{"href":"https:\/\/www.gruporecoletas.com\/noticias\/wp-json\/wp\/v2\/media?parent=9181"}],"wp:term":[{"taxonomy":"category","embeddable":true,"href":"https:\/\/www.gruporecoletas.com\/noticias\/wp-json\/wp\/v2\/categories?post=9181"},{"taxonomy":"post_tag","embeddable":true,"href":"https:\/\/www.gruporecoletas.com\/noticias\/wp-json\/wp\/v2\/tags?post=9181"}],"curies":[{"name":"wp","href":"https:\/\/api.w.org\/{rel}","templated":true}]}}