{"id":9197,"date":"2017-07-05T21:35:26","date_gmt":"2017-07-05T21:35:26","guid":{"rendered":"https:\/\/www.gruporecoletas.com\/?p=9197"},"modified":"2019-03-05T09:51:00","modified_gmt":"2019-03-05T09:51:00","slug":"adolescente-entorno-familia-amigos-escuela-medios-articulo-l-rodriguez-molinero","status":"publish","type":"post","link":"https:\/\/www.gruporecoletas.com\/noticias\/adolescente-entorno-familia-amigos-escuela-medios-articulo-l-rodriguez-molinero\/","title":{"rendered":"El adolescente y su entorno: familia, amigos, escuela y medios &#8211; Art\u00edculo L. Rodri\u0301guez Molinero"},"content":{"rendered":"<p>En el \u00faltimo n\u00famero de la revista <strong>Pediatr\u00eda Integral<\/strong> podemos disfrutar de un articulo del <strong>Doctor\u00a0L. Rodri\u0301guez Molinero<\/strong><em> Pediatra Acreditado en Medicina de la Adolescencia por la AEP. Consulta de Adolescencia, Hospital Campo Grande. Valladolid<\/em>.<\/p>\n<p><a href=\"https:\/\/www.gruporecoletas.com\/noticias\/wp-content\/uploads\/2017\/07\/n4-261-269_LuisRguez.pdf\"><img loading=\"lazy\" decoding=\"async\" class=\"alignnone size-full wp-image-9201\" src=\"https:\/\/www.gruporecoletas.com\/noticias\/wp-content\/uploads\/2017\/07\/revista.png\" alt=\"\" width=\"898\" height=\"1201\" srcset=\"https:\/\/www.gruporecoletas.com\/noticias\/wp-content\/uploads\/2017\/07\/revista.png 898w, https:\/\/www.gruporecoletas.com\/noticias\/wp-content\/uploads\/2017\/07\/revista-224x300.png 224w, https:\/\/www.gruporecoletas.com\/noticias\/wp-content\/uploads\/2017\/07\/revista-768x1027.png 768w, https:\/\/www.gruporecoletas.com\/noticias\/wp-content\/uploads\/2017\/07\/revista-766x1024.png 766w\" sizes=\"auto, (max-width: 898px) 100vw, 898px\" \/><\/a>    \t<\/p>\n","protected":false},"excerpt":{"rendered":"<p>En el \u00faltimo n\u00famero de la revista Pediatr\u00eda Integral podemos disfrutar de un articulo del Doctor\u00a0L. Rodri\u0301guez Molinero Pediatra Acreditado en Medicina de la Adolescencia por la AEP. Consulta de Adolescencia, Hospital Campo Grande. Valladolid.<\/p>\n","protected":false},"author":2,"featured_media":9199,"comment_status":"closed","ping_status":"closed","sticky":false,"template":"","format":"standard","meta":{"_acf_changed":false,"footnotes":""},"categories":[44],"tags":[],"class_list":["post-9197","post","type-post","status-publish","format-standard","has-post-thumbnail","hentry","category-pediatria"],"acf":[],"yoast_head":"<!-- This site is optimized with the Yoast SEO Premium plugin v27.3 (Yoast SEO v27.3) - https:\/\/yoast.com\/product\/yoast-seo-premium-wordpress\/ -->\n<title>El adolescente y su entorno: familia, amigos, escuela y medios - Art\u00edculo L. Rodri\u0301guez Molinero - Noticias Grupo Recoletas<\/title>\n<meta name=\"robots\" content=\"index, follow, max-snippet:-1, max-image-preview:large, max-video-preview:-1\" \/>\n<link rel=\"canonical\" href=\"https:\/\/www.gruporecoletas.com\/noticias\/adolescente-entorno-familia-amigos-escuela-medios-articulo-l-rodriguez-molinero\/\" \/>\n<meta property=\"og:locale\" content=\"es_ES\" \/>\n<meta property=\"og:type\" content=\"article\" \/>\n<meta property=\"og:title\" content=\"El adolescente y su entorno: familia, amigos, escuela y medios - Art\u00edculo L. Rodri\u0301guez Molinero\" \/>\n<meta property=\"og:description\" content=\"En el \u00faltimo n\u00famero de la revista Pediatr\u00eda Integral podemos disfrutar de un articulo del Doctor\u00a0L. Rodri\u0301guez Molinero Pediatra Acreditado en Medicina de la Adolescencia por la AEP. Consulta de Adolescencia, Hospital Campo Grande. Valladolid.\" \/>\n<meta property=\"og:url\" content=\"https:\/\/www.gruporecoletas.com\/noticias\/adolescente-entorno-familia-amigos-escuela-medios-articulo-l-rodriguez-molinero\/\" \/>\n<meta property=\"og:site_name\" content=\"Noticias Grupo Recoletas\" \/>\n<meta property=\"article:publisher\" content=\"https:\/\/www.facebook.com\/GrupoRecoletas\/\" \/>\n<meta property=\"article:published_time\" content=\"2017-07-05T21:35:26+00:00\" \/>\n<meta property=\"article:modified_time\" content=\"2019-03-05T09:51:00+00:00\" \/>\n<meta property=\"og:image\" content=\"https:\/\/www.gruporecoletas.com\/noticias\/wp-content\/uploads\/2017\/07\/nina.jpg\" \/>\n\t<meta property=\"og:image:width\" content=\"1400\" \/>\n\t<meta property=\"og:image:height\" content=\"927\" \/>\n\t<meta property=\"og:image:type\" content=\"image\/jpeg\" \/>\n<meta name=\"author\" content=\"Recoletas Red Hospitalaria\" \/>\n<meta name=\"twitter:card\" content=\"summary_large_image\" \/>\n<meta name=\"twitter:creator\" content=\"@GrupoRecoletas\" \/>\n<meta name=\"twitter:site\" content=\"@GrupoRecoletas\" \/>\n<meta name=\"twitter:label1\" content=\"Escrito por\" \/>\n\t<meta name=\"twitter:data1\" content=\"Recoletas Red Hospitalaria\" \/>\n<script type=\"application\/ld+json\" class=\"yoast-schema-graph\">{\"@context\":\"https:\\\/\\\/schema.org\",\"@graph\":[{\"@type\":\"Article\",\"@id\":\"https:\\\/\\\/www.gruporecoletas.com\\\/noticias\\\/adolescente-entorno-familia-amigos-escuela-medios-articulo-l-rodriguez-molinero\\\/#article\",\"isPartOf\":{\"@id\":\"https:\\\/\\\/www.gruporecoletas.com\\\/noticias\\\/adolescente-entorno-familia-amigos-escuela-medios-articulo-l-rodriguez-molinero\\\/\"},\"author\":{\"name\":\"Recoletas Red Hospitalaria\",\"@id\":\"https:\\\/\\\/www.gruporecoletas.com\\\/noticias\\\/#\\\/schema\\\/person\\\/3c6ac429828d1f5e3d3bd99f4da9b02c\"},\"headline\":\"El adolescente y su entorno: familia, amigos, escuela y medios &#8211; Art\u00edculo L. Rodri\u0301guez Molinero\",\"datePublished\":\"2017-07-05T21:35:26+00:00\",\"dateModified\":\"2019-03-05T09:51:00+00:00\",\"mainEntityOfPage\":{\"@id\":\"https:\\\/\\\/www.gruporecoletas.com\\\/noticias\\\/adolescente-entorno-familia-amigos-escuela-medios-articulo-l-rodriguez-molinero\\\/\"},\"wordCount\":56,\"image\":{\"@id\":\"https:\\\/\\\/www.gruporecoletas.com\\\/noticias\\\/adolescente-entorno-familia-amigos-escuela-medios-articulo-l-rodriguez-molinero\\\/#primaryimage\"},\"thumbnailUrl\":\"https:\\\/\\\/www.gruporecoletas.com\\\/noticias\\\/wp-content\\\/uploads\\\/2017\\\/07\\\/nina.jpg\",\"articleSection\":[\"Pediatr\u00eda\"],\"inLanguage\":\"es\"},{\"@type\":\"WebPage\",\"@id\":\"https:\\\/\\\/www.gruporecoletas.com\\\/noticias\\\/adolescente-entorno-familia-amigos-escuela-medios-articulo-l-rodriguez-molinero\\\/\",\"url\":\"https:\\\/\\\/www.gruporecoletas.com\\\/noticias\\\/adolescente-entorno-familia-amigos-escuela-medios-articulo-l-rodriguez-molinero\\\/\",\"name\":\"El adolescente y su entorno: familia, amigos, escuela y medios - Art\u00edculo L. Rodri\u0301guez Molinero - Noticias Grupo Recoletas\",\"isPartOf\":{\"@id\":\"https:\\\/\\\/www.gruporecoletas.com\\\/noticias\\\/#website\"},\"primaryImageOfPage\":{\"@id\":\"https:\\\/\\\/www.gruporecoletas.com\\\/noticias\\\/adolescente-entorno-familia-amigos-escuela-medios-articulo-l-rodriguez-molinero\\\/#primaryimage\"},\"image\":{\"@id\":\"https:\\\/\\\/www.gruporecoletas.com\\\/noticias\\\/adolescente-entorno-familia-amigos-escuela-medios-articulo-l-rodriguez-molinero\\\/#primaryimage\"},\"thumbnailUrl\":\"https:\\\/\\\/www.gruporecoletas.com\\\/noticias\\\/wp-content\\\/uploads\\\/2017\\\/07\\\/nina.jpg\",\"datePublished\":\"2017-07-05T21:35:26+00:00\",\"dateModified\":\"2019-03-05T09:51:00+00:00\",\"author\":{\"@id\":\"https:\\\/\\\/www.gruporecoletas.com\\\/noticias\\\/#\\\/schema\\\/person\\\/3c6ac429828d1f5e3d3bd99f4da9b02c\"},\"breadcrumb\":{\"@id\":\"https:\\\/\\\/www.gruporecoletas.com\\\/noticias\\\/adolescente-entorno-familia-amigos-escuela-medios-articulo-l-rodriguez-molinero\\\/#breadcrumb\"},\"inLanguage\":\"es\",\"potentialAction\":[{\"@type\":\"ReadAction\",\"target\":[\"https:\\\/\\\/www.gruporecoletas.com\\\/noticias\\\/adolescente-entorno-familia-amigos-escuela-medios-articulo-l-rodriguez-molinero\\\/\"]}]},{\"@type\":\"ImageObject\",\"inLanguage\":\"es\",\"@id\":\"https:\\\/\\\/www.gruporecoletas.com\\\/noticias\\\/adolescente-entorno-familia-amigos-escuela-medios-articulo-l-rodriguez-molinero\\\/#primaryimage\",\"url\":\"https:\\\/\\\/www.gruporecoletas.com\\\/noticias\\\/wp-content\\\/uploads\\\/2017\\\/07\\\/nina.jpg\",\"contentUrl\":\"https:\\\/\\\/www.gruporecoletas.com\\\/noticias\\\/wp-content\\\/uploads\\\/2017\\\/07\\\/nina.jpg\",\"width\":1400,\"height\":927},{\"@type\":\"BreadcrumbList\",\"@id\":\"https:\\\/\\\/www.gruporecoletas.com\\\/noticias\\\/adolescente-entorno-familia-amigos-escuela-medios-articulo-l-rodriguez-molinero\\\/#breadcrumb\",\"itemListElement\":[{\"@type\":\"ListItem\",\"position\":1,\"name\":\"Portada\",\"item\":\"https:\\\/\\\/www.gruporecoletas.com\\\/noticias\\\/\"},{\"@type\":\"ListItem\",\"position\":2,\"name\":\"El adolescente y su entorno: familia, amigos, escuela y medios &#8211; Art\u00edculo L. Rodri\u0301guez Molinero\"}]},{\"@type\":\"WebSite\",\"@id\":\"https:\\\/\\\/www.gruporecoletas.com\\\/noticias\\\/#website\",\"url\":\"https:\\\/\\\/www.gruporecoletas.com\\\/noticias\\\/\",\"name\":\"Noticias Grupo Recoletas\",\"description\":\"Grupo Recoletas\",\"potentialAction\":[{\"@type\":\"SearchAction\",\"target\":{\"@type\":\"EntryPoint\",\"urlTemplate\":\"https:\\\/\\\/www.gruporecoletas.com\\\/noticias\\\/?s={search_term_string}\"},\"query-input\":{\"@type\":\"PropertyValueSpecification\",\"valueRequired\":true,\"valueName\":\"search_term_string\"}}],\"inLanguage\":\"es\"},{\"@type\":\"Person\",\"@id\":\"https:\\\/\\\/www.gruporecoletas.com\\\/noticias\\\/#\\\/schema\\\/person\\\/3c6ac429828d1f5e3d3bd99f4da9b02c\",\"name\":\"Recoletas Red Hospitalaria\",\"url\":\"https:\\\/\\\/www.gruporecoletas.com\\\/noticias\\\/author\\\/comunicacion\\\/\"}]}<\/script>\n<!-- \/ Yoast SEO Premium plugin. -->","yoast_head_json":{"title":"El adolescente y su entorno: familia, amigos, escuela y medios - Art\u00edculo L. Rodri\u0301guez Molinero - Noticias Grupo Recoletas","robots":{"index":"index","follow":"follow","max-snippet":"max-snippet:-1","max-image-preview":"max-image-preview:large","max-video-preview":"max-video-preview:-1"},"canonical":"https:\/\/www.gruporecoletas.com\/noticias\/adolescente-entorno-familia-amigos-escuela-medios-articulo-l-rodriguez-molinero\/","og_locale":"es_ES","og_type":"article","og_title":"El adolescente y su entorno: familia, amigos, escuela y medios - Art\u00edculo L. Rodri\u0301guez Molinero","og_description":"En el \u00faltimo n\u00famero de la revista Pediatr\u00eda Integral podemos disfrutar de un articulo del Doctor\u00a0L. Rodri\u0301guez Molinero Pediatra Acreditado en Medicina de la Adolescencia por la AEP. Consulta de Adolescencia, Hospital Campo Grande. Valladolid.","og_url":"https:\/\/www.gruporecoletas.com\/noticias\/adolescente-entorno-familia-amigos-escuela-medios-articulo-l-rodriguez-molinero\/","og_site_name":"Noticias Grupo Recoletas","article_publisher":"https:\/\/www.facebook.com\/GrupoRecoletas\/","article_published_time":"2017-07-05T21:35:26+00:00","article_modified_time":"2019-03-05T09:51:00+00:00","og_image":[{"width":1400,"height":927,"url":"https:\/\/www.gruporecoletas.com\/noticias\/wp-content\/uploads\/2017\/07\/nina.jpg","type":"image\/jpeg"}],"author":"Recoletas Red Hospitalaria","twitter_card":"summary_large_image","twitter_creator":"@GrupoRecoletas","twitter_site":"@GrupoRecoletas","twitter_misc":{"Escrito por":"Recoletas Red Hospitalaria"},"schema":{"@context":"https:\/\/schema.org","@graph":[{"@type":"Article","@id":"https:\/\/www.gruporecoletas.com\/noticias\/adolescente-entorno-familia-amigos-escuela-medios-articulo-l-rodriguez-molinero\/#article","isPartOf":{"@id":"https:\/\/www.gruporecoletas.com\/noticias\/adolescente-entorno-familia-amigos-escuela-medios-articulo-l-rodriguez-molinero\/"},"author":{"name":"Recoletas Red Hospitalaria","@id":"https:\/\/www.gruporecoletas.com\/noticias\/#\/schema\/person\/3c6ac429828d1f5e3d3bd99f4da9b02c"},"headline":"El adolescente y su entorno: familia, amigos, escuela y medios &#8211; Art\u00edculo L. Rodri\u0301guez Molinero","datePublished":"2017-07-05T21:35:26+00:00","dateModified":"2019-03-05T09:51:00+00:00","mainEntityOfPage":{"@id":"https:\/\/www.gruporecoletas.com\/noticias\/adolescente-entorno-familia-amigos-escuela-medios-articulo-l-rodriguez-molinero\/"},"wordCount":56,"image":{"@id":"https:\/\/www.gruporecoletas.com\/noticias\/adolescente-entorno-familia-amigos-escuela-medios-articulo-l-rodriguez-molinero\/#primaryimage"},"thumbnailUrl":"https:\/\/www.gruporecoletas.com\/noticias\/wp-content\/uploads\/2017\/07\/nina.jpg","articleSection":["Pediatr\u00eda"],"inLanguage":"es"},{"@type":"WebPage","@id":"https:\/\/www.gruporecoletas.com\/noticias\/adolescente-entorno-familia-amigos-escuela-medios-articulo-l-rodriguez-molinero\/","url":"https:\/\/www.gruporecoletas.com\/noticias\/adolescente-entorno-familia-amigos-escuela-medios-articulo-l-rodriguez-molinero\/","name":"El adolescente y su entorno: familia, amigos, escuela y medios - Art\u00edculo L. Rodri\u0301guez Molinero - Noticias Grupo Recoletas","isPartOf":{"@id":"https:\/\/www.gruporecoletas.com\/noticias\/#website"},"primaryImageOfPage":{"@id":"https:\/\/www.gruporecoletas.com\/noticias\/adolescente-entorno-familia-amigos-escuela-medios-articulo-l-rodriguez-molinero\/#primaryimage"},"image":{"@id":"https:\/\/www.gruporecoletas.com\/noticias\/adolescente-entorno-familia-amigos-escuela-medios-articulo-l-rodriguez-molinero\/#primaryimage"},"thumbnailUrl":"https:\/\/www.gruporecoletas.com\/noticias\/wp-content\/uploads\/2017\/07\/nina.jpg","datePublished":"2017-07-05T21:35:26+00:00","dateModified":"2019-03-05T09:51:00+00:00","author":{"@id":"https:\/\/www.gruporecoletas.com\/noticias\/#\/schema\/person\/3c6ac429828d1f5e3d3bd99f4da9b02c"},"breadcrumb":{"@id":"https:\/\/www.gruporecoletas.com\/noticias\/adolescente-entorno-familia-amigos-escuela-medios-articulo-l-rodriguez-molinero\/#breadcrumb"},"inLanguage":"es","potentialAction":[{"@type":"ReadAction","target":["https:\/\/www.gruporecoletas.com\/noticias\/adolescente-entorno-familia-amigos-escuela-medios-articulo-l-rodriguez-molinero\/"]}]},{"@type":"ImageObject","inLanguage":"es","@id":"https:\/\/www.gruporecoletas.com\/noticias\/adolescente-entorno-familia-amigos-escuela-medios-articulo-l-rodriguez-molinero\/#primaryimage","url":"https:\/\/www.gruporecoletas.com\/noticias\/wp-content\/uploads\/2017\/07\/nina.jpg","contentUrl":"https:\/\/www.gruporecoletas.com\/noticias\/wp-content\/uploads\/2017\/07\/nina.jpg","width":1400,"height":927},{"@type":"BreadcrumbList","@id":"https:\/\/www.gruporecoletas.com\/noticias\/adolescente-entorno-familia-amigos-escuela-medios-articulo-l-rodriguez-molinero\/#breadcrumb","itemListElement":[{"@type":"ListItem","position":1,"name":"Portada","item":"https:\/\/www.gruporecoletas.com\/noticias\/"},{"@type":"ListItem","position":2,"name":"El adolescente y su entorno: familia, amigos, escuela y medios &#8211; Art\u00edculo L. Rodri\u0301guez Molinero"}]},{"@type":"WebSite","@id":"https:\/\/www.gruporecoletas.com\/noticias\/#website","url":"https:\/\/www.gruporecoletas.com\/noticias\/","name":"Noticias Grupo Recoletas","description":"Grupo Recoletas","potentialAction":[{"@type":"SearchAction","target":{"@type":"EntryPoint","urlTemplate":"https:\/\/www.gruporecoletas.com\/noticias\/?s={search_term_string}"},"query-input":{"@type":"PropertyValueSpecification","valueRequired":true,"valueName":"search_term_string"}}],"inLanguage":"es"},{"@type":"Person","@id":"https:\/\/www.gruporecoletas.com\/noticias\/#\/schema\/person\/3c6ac429828d1f5e3d3bd99f4da9b02c","name":"Recoletas Red Hospitalaria","url":"https:\/\/www.gruporecoletas.com\/noticias\/author\/comunicacion\/"}]}},"_links":{"self":[{"href":"https:\/\/www.gruporecoletas.com\/noticias\/wp-json\/wp\/v2\/posts\/9197","targetHints":{"allow":["GET"]}}],"collection":[{"href":"https:\/\/www.gruporecoletas.com\/noticias\/wp-json\/wp\/v2\/posts"}],"about":[{"href":"https:\/\/www.gruporecoletas.com\/noticias\/wp-json\/wp\/v2\/types\/post"}],"author":[{"embeddable":true,"href":"https:\/\/www.gruporecoletas.com\/noticias\/wp-json\/wp\/v2\/users\/2"}],"replies":[{"embeddable":true,"href":"https:\/\/www.gruporecoletas.com\/noticias\/wp-json\/wp\/v2\/comments?post=9197"}],"version-history":[{"count":1,"href":"https:\/\/www.gruporecoletas.com\/noticias\/wp-json\/wp\/v2\/posts\/9197\/revisions"}],"predecessor-version":[{"id":11763,"href":"https:\/\/www.gruporecoletas.com\/noticias\/wp-json\/wp\/v2\/posts\/9197\/revisions\/11763"}],"wp:featuredmedia":[{"embeddable":true,"href":"https:\/\/www.gruporecoletas.com\/noticias\/wp-json\/wp\/v2\/media\/9199"}],"wp:attachment":[{"href":"https:\/\/www.gruporecoletas.com\/noticias\/wp-json\/wp\/v2\/media?parent=9197"}],"wp:term":[{"taxonomy":"category","embeddable":true,"href":"https:\/\/www.gruporecoletas.com\/noticias\/wp-json\/wp\/v2\/categories?post=9197"},{"taxonomy":"post_tag","embeddable":true,"href":"https:\/\/www.gruporecoletas.com\/noticias\/wp-json\/wp\/v2\/tags?post=9197"}],"curies":[{"name":"wp","href":"https:\/\/api.w.org\/{rel}","templated":true}]}}