{"id":9294,"date":"2017-07-19T11:31:38","date_gmt":"2017-07-19T11:31:38","guid":{"rendered":"https:\/\/www.gruporecoletas.com\/?p=9294"},"modified":"2019-01-21T14:28:10","modified_gmt":"2019-01-21T14:28:10","slug":"el-hospital-recoletas-burgos-estrena-la-unidad-materno-infantil","status":"publish","type":"post","link":"https:\/\/www.gruporecoletas.com\/noticias\/el-hospital-recoletas-burgos-estrena-la-unidad-materno-infantil\/","title":{"rendered":"El Hospital Recoletas de Burgos estrena la unidad materno infantil"},"content":{"rendered":"<p style=\"text-align: justify;\">El nacimiento de un beb\u00e9 es uno de los momentos m\u00e1s especiales de la vida.<\/p>\n<p style=\"text-align: justify;\">Por ello, el Hospital Recoletas de Burgos ha puesto en marcha la Unidad Materno Infantil (UMI), un nuevo servicio al alcance de cualquier paciente cuyo principal objetivo es ofrecer la mejor atenci\u00f3n en el \u00e1rea de la Ginecolog\u00eda y sus distintas subespecialidades, de la mano de un equipo m\u00e9dico profesional y cualificado, junto con las t\u00e9cnicas m\u00e1s avanzadas e innovadoras. Situada en la tercera planta del Hospital, la Unidad est\u00e1 dotada de un ambiente \u00edntimo y privado para garantizar la m\u00e1xima seguridad para la madre y \u00e9l bebe.<\/p>\n<p style=\"text-align: justify;\">La UMI cuenta con un equipo de profesionales altamente cualificado y especializado en las \u00e1reas de Ginecolog\u00eda y Obstetricia que ofrece a las pacientes una atenci\u00f3n integral no s\u00f3lo durante el parto sino tambi\u00e9n antes y despu\u00e9s.<\/p>\n<p style=\"text-align: justify;\">Este equipo est\u00e1 formado por especialistas en Ginecolog\u00eda, tanto para la atenci\u00f3n de 24 horas en Urgencias y Hospitalizaci\u00f3n, un equipo de Pediatr\u00eda y Neonatolog\u00eda, que atienden igualmente Urgencias y Hospitalizaci\u00f3n; adem\u00e1s de consultas de Pediatr\u00eda y otras especialidades. El equipo se completa con otros profesionales expertos en el cuidado materno \u2013 infantil como matronas, enfermeras y auxiliares, para la atenci\u00f3n de cualquier eventualidad que pueda surgir durante el embarazo y el parto.<\/p>\n<p style=\"text-align: justify;\">La Unidad Materno Infantil del Hospital Recoletas ofrece un servicio completo de asistencia m\u00e9dica tanto a la madre como al reci\u00e9n nacido. Para ello, cuenta con las mejores instalaciones al servicio de los profesionales para atender sus demandas y necesidades.<br \/>\nConcretamente dispone de:<\/p>\n<ul>\n<li>\u00c1rea de atenci\u00f3n al parto donde podr\u00e1 estar con su acompa\u00f1ante.<\/li>\n<li>Paritorio con ba\u00f1era para que la mujer pueda beneficiarse del efecto calmante del agua caliente.<\/li>\n<li>Planta de hospitalizaci\u00f3n maternal con nuevas habitaciones, dotadas de espacio para los acompa\u00f1antes, y todo lo necesario para que la estancia tanto de la parturienta como de los familiares sea lo m\u00e1s agradable posible.<\/li>\n<li>UCI neonatal y Unidad de Neonatolog\u00eda, para los casos en los que el beb\u00e9 necesite cuidados intensivos neonatales. Dispone de cunas e incubadoras.<\/li>\n<li>Planta de hospitalizaci\u00f3n de Pediatr\u00eda.<\/li>\n<li>Servicio de Urgencias pedi\u00e1tricas.<\/li>\n<li>Servicio de Urgencias Obst\u00e9trico-Ginecol\u00f3gicas 24h.<\/li>\n<\/ul>\n<p style=\"text-align: justify;\">A su vez, la UMI dispone de una monitorizaci\u00f3n continua que permiten el registro de todas las constantes tanto de la madre como del reci\u00e9n nacido, a fin de velar por su seguridad y evoluci\u00f3n cl\u00ednica.<\/p>\n<p style=\"text-align: justify;\">En muchas ocasiones, conocer las instalaciones donde se dar\u00e1 a luz, las salas de dilataci\u00f3n o el paritorio puede transmitir m\u00e1s seguridad o confianza en la paciente. En este sentido, la nueva UMI dispone de la \u00faltima tecnolog\u00eda en cuanto a equipamiento y el material necesario para un correcto seguimiento y tratamiento de la paciente.<br \/>\nSe trata de un espacio funcional, bien distribuido y decorado de forma sencilla y con colores suaves para proporcionar un entorno amable, menos quir\u00fargico y confortable, lo que se<br \/>\ntraduce en una mayor intimidad, privacidad y seguridad de la paciente. En cuanto a la iluminaci\u00f3n, destaca por su calidez a fin de relajar a la mujer durante la dilataci\u00f3n, el parto y el postparto, aumentar su intimidad y ofrecer un aspecto acogedor. Las instalaciones tambi\u00e9n cuentan con un buen aislamiento ac\u00fastico entre habitaci\u00f3n-habitaci\u00f3n y habitaci\u00f3n-pasillo, para que la paciente se sienta c\u00f3moda y conseguir una atm\u00f3sfera de tranquilidad.<\/p>\n","protected":false},"excerpt":{"rendered":"<p>El nacimiento de un beb\u00e9 es uno de los momentos m\u00e1s especiales de la vida. Por ello, el Hospital Recoletas de Burgos ha puesto en marcha la Unidad Materno Infantil (UMI), un nuevo servicio al alcance de cualquier paciente cuyo principal objetivo es ofrecer la mejor atenci\u00f3n en el \u00e1rea de la Ginecolog\u00eda y sus [&hellip;]<\/p>\n","protected":false},"author":2,"featured_media":9296,"comment_status":"closed","ping_status":"closed","sticky":false,"template":"","format":"standard","meta":{"_acf_changed":false,"footnotes":""},"categories":[4],"tags":[],"class_list":["post-9294","post","type-post","status-publish","format-standard","has-post-thumbnail","hentry","category-valladolid"],"acf":[],"yoast_head":"<!-- This site is optimized with the Yoast SEO Premium plugin v27.3 (Yoast SEO v27.3) - https:\/\/yoast.com\/product\/yoast-seo-premium-wordpress\/ -->\n<title>El Hospital Recoletas de Burgos estrena la unidad materno infantil - Noticias Grupo Recoletas<\/title>\n<meta name=\"robots\" content=\"index, follow, max-snippet:-1, max-image-preview:large, max-video-preview:-1\" \/>\n<link rel=\"canonical\" href=\"https:\/\/www.gruporecoletas.com\/noticias\/el-hospital-recoletas-burgos-estrena-la-unidad-materno-infantil\/\" \/>\n<meta property=\"og:locale\" content=\"es_ES\" \/>\n<meta property=\"og:type\" content=\"article\" \/>\n<meta property=\"og:title\" content=\"El Hospital Recoletas de Burgos estrena la unidad materno infantil\" \/>\n<meta property=\"og:description\" content=\"El nacimiento de un beb\u00e9 es uno de los momentos m\u00e1s especiales de la vida. Por ello, el Hospital Recoletas de Burgos ha puesto en marcha la Unidad Materno Infantil (UMI), un nuevo servicio al alcance de cualquier paciente cuyo principal objetivo es ofrecer la mejor atenci\u00f3n en el \u00e1rea de la Ginecolog\u00eda y sus [&hellip;]\" \/>\n<meta property=\"og:url\" content=\"https:\/\/www.gruporecoletas.com\/noticias\/el-hospital-recoletas-burgos-estrena-la-unidad-materno-infantil\/\" \/>\n<meta property=\"og:site_name\" content=\"Noticias Grupo Recoletas\" \/>\n<meta property=\"article:publisher\" content=\"https:\/\/www.facebook.com\/GrupoRecoletas\/\" \/>\n<meta property=\"article:published_time\" content=\"2017-07-19T11:31:38+00:00\" \/>\n<meta property=\"article:modified_time\" content=\"2019-01-21T14:28:10+00:00\" \/>\n<meta property=\"og:image\" content=\"https:\/\/www.gruporecoletas.com\/noticias\/wp-content\/uploads\/2017\/07\/maxresdefault-4.jpg\" \/>\n\t<meta property=\"og:image:width\" content=\"1280\" \/>\n\t<meta property=\"og:image:height\" content=\"720\" \/>\n\t<meta property=\"og:image:type\" content=\"image\/jpeg\" \/>\n<meta name=\"author\" content=\"Recoletas Red Hospitalaria\" \/>\n<meta name=\"twitter:card\" content=\"summary_large_image\" \/>\n<meta name=\"twitter:creator\" content=\"@GrupoRecoletas\" \/>\n<meta name=\"twitter:site\" content=\"@GrupoRecoletas\" \/>\n<meta name=\"twitter:label1\" content=\"Escrito por\" \/>\n\t<meta name=\"twitter:data1\" content=\"Recoletas Red Hospitalaria\" \/>\n\t<meta name=\"twitter:label2\" content=\"Tiempo de lectura\" \/>\n\t<meta name=\"twitter:data2\" content=\"3 minutos\" \/>\n<script type=\"application\/ld+json\" class=\"yoast-schema-graph\">{\"@context\":\"https:\\\/\\\/schema.org\",\"@graph\":[{\"@type\":\"Article\",\"@id\":\"https:\\\/\\\/www.gruporecoletas.com\\\/noticias\\\/el-hospital-recoletas-burgos-estrena-la-unidad-materno-infantil\\\/#article\",\"isPartOf\":{\"@id\":\"https:\\\/\\\/www.gruporecoletas.com\\\/noticias\\\/el-hospital-recoletas-burgos-estrena-la-unidad-materno-infantil\\\/\"},\"author\":{\"name\":\"Recoletas Red Hospitalaria\",\"@id\":\"https:\\\/\\\/www.gruporecoletas.com\\\/noticias\\\/#\\\/schema\\\/person\\\/3c6ac429828d1f5e3d3bd99f4da9b02c\"},\"headline\":\"El Hospital Recoletas de Burgos estrena la unidad materno infantil\",\"datePublished\":\"2017-07-19T11:31:38+00:00\",\"dateModified\":\"2019-01-21T14:28:10+00:00\",\"mainEntityOfPage\":{\"@id\":\"https:\\\/\\\/www.gruporecoletas.com\\\/noticias\\\/el-hospital-recoletas-burgos-estrena-la-unidad-materno-infantil\\\/\"},\"wordCount\":602,\"image\":{\"@id\":\"https:\\\/\\\/www.gruporecoletas.com\\\/noticias\\\/el-hospital-recoletas-burgos-estrena-la-unidad-materno-infantil\\\/#primaryimage\"},\"thumbnailUrl\":\"https:\\\/\\\/www.gruporecoletas.com\\\/noticias\\\/wp-content\\\/uploads\\\/2017\\\/07\\\/maxresdefault-4.jpg\",\"articleSection\":[\"Valladolid\"],\"inLanguage\":\"es\"},{\"@type\":\"WebPage\",\"@id\":\"https:\\\/\\\/www.gruporecoletas.com\\\/noticias\\\/el-hospital-recoletas-burgos-estrena-la-unidad-materno-infantil\\\/\",\"url\":\"https:\\\/\\\/www.gruporecoletas.com\\\/noticias\\\/el-hospital-recoletas-burgos-estrena-la-unidad-materno-infantil\\\/\",\"name\":\"El Hospital Recoletas de Burgos estrena la unidad materno infantil - Noticias Grupo Recoletas\",\"isPartOf\":{\"@id\":\"https:\\\/\\\/www.gruporecoletas.com\\\/noticias\\\/#website\"},\"primaryImageOfPage\":{\"@id\":\"https:\\\/\\\/www.gruporecoletas.com\\\/noticias\\\/el-hospital-recoletas-burgos-estrena-la-unidad-materno-infantil\\\/#primaryimage\"},\"image\":{\"@id\":\"https:\\\/\\\/www.gruporecoletas.com\\\/noticias\\\/el-hospital-recoletas-burgos-estrena-la-unidad-materno-infantil\\\/#primaryimage\"},\"thumbnailUrl\":\"https:\\\/\\\/www.gruporecoletas.com\\\/noticias\\\/wp-content\\\/uploads\\\/2017\\\/07\\\/maxresdefault-4.jpg\",\"datePublished\":\"2017-07-19T11:31:38+00:00\",\"dateModified\":\"2019-01-21T14:28:10+00:00\",\"author\":{\"@id\":\"https:\\\/\\\/www.gruporecoletas.com\\\/noticias\\\/#\\\/schema\\\/person\\\/3c6ac429828d1f5e3d3bd99f4da9b02c\"},\"breadcrumb\":{\"@id\":\"https:\\\/\\\/www.gruporecoletas.com\\\/noticias\\\/el-hospital-recoletas-burgos-estrena-la-unidad-materno-infantil\\\/#breadcrumb\"},\"inLanguage\":\"es\",\"potentialAction\":[{\"@type\":\"ReadAction\",\"target\":[\"https:\\\/\\\/www.gruporecoletas.com\\\/noticias\\\/el-hospital-recoletas-burgos-estrena-la-unidad-materno-infantil\\\/\"]}]},{\"@type\":\"ImageObject\",\"inLanguage\":\"es\",\"@id\":\"https:\\\/\\\/www.gruporecoletas.com\\\/noticias\\\/el-hospital-recoletas-burgos-estrena-la-unidad-materno-infantil\\\/#primaryimage\",\"url\":\"https:\\\/\\\/www.gruporecoletas.com\\\/noticias\\\/wp-content\\\/uploads\\\/2017\\\/07\\\/maxresdefault-4.jpg\",\"contentUrl\":\"https:\\\/\\\/www.gruporecoletas.com\\\/noticias\\\/wp-content\\\/uploads\\\/2017\\\/07\\\/maxresdefault-4.jpg\",\"width\":1280,\"height\":720},{\"@type\":\"BreadcrumbList\",\"@id\":\"https:\\\/\\\/www.gruporecoletas.com\\\/noticias\\\/el-hospital-recoletas-burgos-estrena-la-unidad-materno-infantil\\\/#breadcrumb\",\"itemListElement\":[{\"@type\":\"ListItem\",\"position\":1,\"name\":\"Portada\",\"item\":\"https:\\\/\\\/www.gruporecoletas.com\\\/noticias\\\/\"},{\"@type\":\"ListItem\",\"position\":2,\"name\":\"El Hospital Recoletas de Burgos estrena la unidad materno infantil\"}]},{\"@type\":\"WebSite\",\"@id\":\"https:\\\/\\\/www.gruporecoletas.com\\\/noticias\\\/#website\",\"url\":\"https:\\\/\\\/www.gruporecoletas.com\\\/noticias\\\/\",\"name\":\"Noticias Grupo Recoletas\",\"description\":\"Grupo Recoletas\",\"potentialAction\":[{\"@type\":\"SearchAction\",\"target\":{\"@type\":\"EntryPoint\",\"urlTemplate\":\"https:\\\/\\\/www.gruporecoletas.com\\\/noticias\\\/?s={search_term_string}\"},\"query-input\":{\"@type\":\"PropertyValueSpecification\",\"valueRequired\":true,\"valueName\":\"search_term_string\"}}],\"inLanguage\":\"es\"},{\"@type\":\"Person\",\"@id\":\"https:\\\/\\\/www.gruporecoletas.com\\\/noticias\\\/#\\\/schema\\\/person\\\/3c6ac429828d1f5e3d3bd99f4da9b02c\",\"name\":\"Recoletas Red Hospitalaria\",\"url\":\"https:\\\/\\\/www.gruporecoletas.com\\\/noticias\\\/author\\\/comunicacion\\\/\"}]}<\/script>\n<!-- \/ Yoast SEO Premium plugin. -->","yoast_head_json":{"title":"El Hospital Recoletas de Burgos estrena la unidad materno infantil - Noticias Grupo Recoletas","robots":{"index":"index","follow":"follow","max-snippet":"max-snippet:-1","max-image-preview":"max-image-preview:large","max-video-preview":"max-video-preview:-1"},"canonical":"https:\/\/www.gruporecoletas.com\/noticias\/el-hospital-recoletas-burgos-estrena-la-unidad-materno-infantil\/","og_locale":"es_ES","og_type":"article","og_title":"El Hospital Recoletas de Burgos estrena la unidad materno infantil","og_description":"El nacimiento de un beb\u00e9 es uno de los momentos m\u00e1s especiales de la vida. Por ello, el Hospital Recoletas de Burgos ha puesto en marcha la Unidad Materno Infantil (UMI), un nuevo servicio al alcance de cualquier paciente cuyo principal objetivo es ofrecer la mejor atenci\u00f3n en el \u00e1rea de la Ginecolog\u00eda y sus [&hellip;]","og_url":"https:\/\/www.gruporecoletas.com\/noticias\/el-hospital-recoletas-burgos-estrena-la-unidad-materno-infantil\/","og_site_name":"Noticias Grupo Recoletas","article_publisher":"https:\/\/www.facebook.com\/GrupoRecoletas\/","article_published_time":"2017-07-19T11:31:38+00:00","article_modified_time":"2019-01-21T14:28:10+00:00","og_image":[{"width":1280,"height":720,"url":"https:\/\/www.gruporecoletas.com\/noticias\/wp-content\/uploads\/2017\/07\/maxresdefault-4.jpg","type":"image\/jpeg"}],"author":"Recoletas Red Hospitalaria","twitter_card":"summary_large_image","twitter_creator":"@GrupoRecoletas","twitter_site":"@GrupoRecoletas","twitter_misc":{"Escrito por":"Recoletas Red Hospitalaria","Tiempo de lectura":"3 minutos"},"schema":{"@context":"https:\/\/schema.org","@graph":[{"@type":"Article","@id":"https:\/\/www.gruporecoletas.com\/noticias\/el-hospital-recoletas-burgos-estrena-la-unidad-materno-infantil\/#article","isPartOf":{"@id":"https:\/\/www.gruporecoletas.com\/noticias\/el-hospital-recoletas-burgos-estrena-la-unidad-materno-infantil\/"},"author":{"name":"Recoletas Red Hospitalaria","@id":"https:\/\/www.gruporecoletas.com\/noticias\/#\/schema\/person\/3c6ac429828d1f5e3d3bd99f4da9b02c"},"headline":"El Hospital Recoletas de Burgos estrena la unidad materno infantil","datePublished":"2017-07-19T11:31:38+00:00","dateModified":"2019-01-21T14:28:10+00:00","mainEntityOfPage":{"@id":"https:\/\/www.gruporecoletas.com\/noticias\/el-hospital-recoletas-burgos-estrena-la-unidad-materno-infantil\/"},"wordCount":602,"image":{"@id":"https:\/\/www.gruporecoletas.com\/noticias\/el-hospital-recoletas-burgos-estrena-la-unidad-materno-infantil\/#primaryimage"},"thumbnailUrl":"https:\/\/www.gruporecoletas.com\/noticias\/wp-content\/uploads\/2017\/07\/maxresdefault-4.jpg","articleSection":["Valladolid"],"inLanguage":"es"},{"@type":"WebPage","@id":"https:\/\/www.gruporecoletas.com\/noticias\/el-hospital-recoletas-burgos-estrena-la-unidad-materno-infantil\/","url":"https:\/\/www.gruporecoletas.com\/noticias\/el-hospital-recoletas-burgos-estrena-la-unidad-materno-infantil\/","name":"El Hospital Recoletas de Burgos estrena la unidad materno infantil - Noticias Grupo Recoletas","isPartOf":{"@id":"https:\/\/www.gruporecoletas.com\/noticias\/#website"},"primaryImageOfPage":{"@id":"https:\/\/www.gruporecoletas.com\/noticias\/el-hospital-recoletas-burgos-estrena-la-unidad-materno-infantil\/#primaryimage"},"image":{"@id":"https:\/\/www.gruporecoletas.com\/noticias\/el-hospital-recoletas-burgos-estrena-la-unidad-materno-infantil\/#primaryimage"},"thumbnailUrl":"https:\/\/www.gruporecoletas.com\/noticias\/wp-content\/uploads\/2017\/07\/maxresdefault-4.jpg","datePublished":"2017-07-19T11:31:38+00:00","dateModified":"2019-01-21T14:28:10+00:00","author":{"@id":"https:\/\/www.gruporecoletas.com\/noticias\/#\/schema\/person\/3c6ac429828d1f5e3d3bd99f4da9b02c"},"breadcrumb":{"@id":"https:\/\/www.gruporecoletas.com\/noticias\/el-hospital-recoletas-burgos-estrena-la-unidad-materno-infantil\/#breadcrumb"},"inLanguage":"es","potentialAction":[{"@type":"ReadAction","target":["https:\/\/www.gruporecoletas.com\/noticias\/el-hospital-recoletas-burgos-estrena-la-unidad-materno-infantil\/"]}]},{"@type":"ImageObject","inLanguage":"es","@id":"https:\/\/www.gruporecoletas.com\/noticias\/el-hospital-recoletas-burgos-estrena-la-unidad-materno-infantil\/#primaryimage","url":"https:\/\/www.gruporecoletas.com\/noticias\/wp-content\/uploads\/2017\/07\/maxresdefault-4.jpg","contentUrl":"https:\/\/www.gruporecoletas.com\/noticias\/wp-content\/uploads\/2017\/07\/maxresdefault-4.jpg","width":1280,"height":720},{"@type":"BreadcrumbList","@id":"https:\/\/www.gruporecoletas.com\/noticias\/el-hospital-recoletas-burgos-estrena-la-unidad-materno-infantil\/#breadcrumb","itemListElement":[{"@type":"ListItem","position":1,"name":"Portada","item":"https:\/\/www.gruporecoletas.com\/noticias\/"},{"@type":"ListItem","position":2,"name":"El Hospital Recoletas de Burgos estrena la unidad materno infantil"}]},{"@type":"WebSite","@id":"https:\/\/www.gruporecoletas.com\/noticias\/#website","url":"https:\/\/www.gruporecoletas.com\/noticias\/","name":"Noticias Grupo Recoletas","description":"Grupo Recoletas","potentialAction":[{"@type":"SearchAction","target":{"@type":"EntryPoint","urlTemplate":"https:\/\/www.gruporecoletas.com\/noticias\/?s={search_term_string}"},"query-input":{"@type":"PropertyValueSpecification","valueRequired":true,"valueName":"search_term_string"}}],"inLanguage":"es"},{"@type":"Person","@id":"https:\/\/www.gruporecoletas.com\/noticias\/#\/schema\/person\/3c6ac429828d1f5e3d3bd99f4da9b02c","name":"Recoletas Red Hospitalaria","url":"https:\/\/www.gruporecoletas.com\/noticias\/author\/comunicacion\/"}]}},"_links":{"self":[{"href":"https:\/\/www.gruporecoletas.com\/noticias\/wp-json\/wp\/v2\/posts\/9294","targetHints":{"allow":["GET"]}}],"collection":[{"href":"https:\/\/www.gruporecoletas.com\/noticias\/wp-json\/wp\/v2\/posts"}],"about":[{"href":"https:\/\/www.gruporecoletas.com\/noticias\/wp-json\/wp\/v2\/types\/post"}],"author":[{"embeddable":true,"href":"https:\/\/www.gruporecoletas.com\/noticias\/wp-json\/wp\/v2\/users\/2"}],"replies":[{"embeddable":true,"href":"https:\/\/www.gruporecoletas.com\/noticias\/wp-json\/wp\/v2\/comments?post=9294"}],"version-history":[{"count":1,"href":"https:\/\/www.gruporecoletas.com\/noticias\/wp-json\/wp\/v2\/posts\/9294\/revisions"}],"predecessor-version":[{"id":11676,"href":"https:\/\/www.gruporecoletas.com\/noticias\/wp-json\/wp\/v2\/posts\/9294\/revisions\/11676"}],"wp:featuredmedia":[{"embeddable":true,"href":"https:\/\/www.gruporecoletas.com\/noticias\/wp-json\/wp\/v2\/media\/9296"}],"wp:attachment":[{"href":"https:\/\/www.gruporecoletas.com\/noticias\/wp-json\/wp\/v2\/media?parent=9294"}],"wp:term":[{"taxonomy":"category","embeddable":true,"href":"https:\/\/www.gruporecoletas.com\/noticias\/wp-json\/wp\/v2\/categories?post=9294"},{"taxonomy":"post_tag","embeddable":true,"href":"https:\/\/www.gruporecoletas.com\/noticias\/wp-json\/wp\/v2\/tags?post=9294"}],"curies":[{"name":"wp","href":"https:\/\/api.w.org\/{rel}","templated":true}]}}