{"id":9328,"date":"2021-10-14T08:00:00","date_gmt":"2021-10-14T06:00:00","guid":{"rendered":"https:\/\/www.gruporecoletas.com\/?p=9328"},"modified":"2021-11-09T10:29:45","modified_gmt":"2021-11-09T09:29:45","slug":"curar-dolor-cabeza-sin-medicamentos","status":"publish","type":"post","link":"https:\/\/www.gruporecoletas.com\/noticias\/curar-dolor-cabeza-sin-medicamentos\/","title":{"rendered":"C\u00f3mo curar un dolor de cabeza sin medicamentos"},"content":{"rendered":"<p><span style=\"font-weight: 400;\">\u00bfSabes que el <\/span><a href=\"https:\/\/www.gruporecoletas.com\/noticias\/dolor-cabeza-cefalea-migrana-diagnostico-tratamiento\/\"><b>dolor de cabeza<\/b><\/a><b> es una de las dolencias m\u00e1s habituales hoy en d\u00eda<\/b><span style=\"font-weight: 400;\">? De hecho, el 46% de la poblaci\u00f3n espa\u00f1ola presenta alg\u00fan tipo de cefalea activa y el 4% sufre cefalea cr\u00f3nica, datos que han aumentado este a\u00f1o debido a la pandemia (seg\u00fan la <\/span><a href=\"https:\/\/www.sen.es\/\"><span style=\"font-weight: 400;\">Sociedad Espa\u00f1ola de Neurolog\u00eda<\/span><\/a><span style=\"font-weight: 400;\">). <\/span><\/p>\n<h2><span style=\"font-weight: 400;\">\u00bfCu\u00e1les son las causas m\u00e1s comunes del dolor de cabeza?<\/span><\/h2>\n<p><span style=\"font-weight: 400;\">Existen numerosos factores que pueden provocar molestias, como por ejemplo el<\/span> <a href=\"https:\/\/www.gruporecoletas.com\/noticias\/pasos-combatir-estres-laboral\/\"><b>estr\u00e9s<\/b><\/a><b>, los malos h\u00e1bitos alimentarios, los cambios de tiempo, el esfuerzo f\u00edsico o <\/b><a href=\"https:\/\/www.gruporecoletas.com\/noticias\/problemas-para-dormir\/%E2%80%9D\"><b>las alteraciones de sue\u00f1o<\/b><\/a><span style=\"font-weight: 400;\">.\u00a0<\/span><\/p>\n<p><span style=\"font-weight: 400;\">Pero lo importante es tener en cuenta que el dolor de cabeza puede no tener relaci\u00f3n con ninguna otra enfermedad.\u00a0<\/span><\/p>\n<h2><span style=\"font-weight: 400;\">\u00bfCu\u00e1l es el impacto de los dolores de cabeza en nuestra vida diaria?<\/span><\/h2>\n<p><span style=\"font-weight: 400;\">Cuando aparece la <\/span><b>cefalea o las migra\u00f1as<\/b><span style=\"font-weight: 400;\">, debemos cuidarnos, ya que el dolor puede aumentar hasta llegar a ser intenso e incapacitante.\u00a0<\/span><\/p>\n<p><span style=\"font-weight: 400;\">De hecho, estas dolencias pueden interrumpir nuestra vida cotidiana y causar ciertos efectos negativos en los pacientes. Algunos de ellos, seg\u00fan la <\/span><a href=\"https:\/\/www.dolordecabeza.net\/dolor-de-cabeza\/que-es\/\"><span style=\"font-weight: 400;\">Asociaci\u00f3n Espa\u00f1ola de Migra\u00f1a y Cefalea<\/span><\/a><span style=\"font-weight: 400;\">, son:\u00a0<\/span><\/p>\n<ul>\n<li style=\"font-weight: 400;\" aria-level=\"1\"><span style=\"font-weight: 400;\">Tener un impacto negativo en la vida familiar, social y laboral.<\/span><\/li>\n<li style=\"font-weight: 400;\" aria-level=\"1\"><span style=\"font-weight: 400;\">Sufrir soledad (ya que el paciente cree que su enfermedad no es importante y no act\u00faa para reconocer su situaci\u00f3n).<\/span><\/li>\n<li style=\"font-weight: 400;\" aria-level=\"1\"><span style=\"font-weight: 400;\">O incluso tener un gran impacto econ\u00f3mico (al perder productividad y horas de trabajo).<\/span><\/li>\n<\/ul>\n<p><span style=\"font-weight: 400;\">Ante esto, es cierto que cuando aparecen los primeros s\u00edntomas, muchos de nosotros solemos intentar parar los dolores de cabeza tomando unas pastillas sin consultar con nuestro m\u00e9dico de cabecera, pero tenemos que darnos cuenta de lo importante que es evitar la <\/span><a href=\"https:\/\/www.gruporecoletas.com\/noticias\/los-riesgos-la-automedicacion\/\"><span style=\"font-weight: 400;\">automedicaci\u00f3n<\/span><\/a><span style=\"font-weight: 400;\">.\u00a0\u00a0<\/span><\/p>\n<h2><span style=\"font-weight: 400;\">\u00bfExisten soluciones contra las cefaleas o las migra\u00f1as sin tener que\u00a0 tomar medicaci\u00f3n?<\/span><\/h2>\n<p><span style=\"font-weight: 400;\">\u00a1Claro que s\u00ed!\u00a0 Si el dolor de cabeza te acompa\u00f1a en tu d\u00eda a d\u00eda y no quieres tomar medicaci\u00f3n, debes saber que <\/span><b>existen f\u00f3rmulas para curar el dolor de cabeza sin recurrir a ning\u00fan tipo de pastilla<\/b><span style=\"font-weight: 400;\">. Entre esas f\u00f3rmulas destacan remedios naturales, tratamientos alternativos y medidas preventivas.<\/span><\/p>\n<p><span style=\"font-weight: 400;\">Hoy te contamos algunas soluciones que te pueden ayudar a <\/span><b>evitar las cefaleas y migra\u00f1as<\/b><span style=\"font-weight: 400;\"> o, al menos, reducir sus efectos. \u00a1Sigue leyendo!<\/span><\/p>\n<h2><span style=\"font-weight: 400;\">1. Sal a caminar<\/span><\/h2>\n<p><span style=\"font-weight: 400;\">Si la causa es el estr\u00e9s o mirar fijamente una pantalla durante mucho tiempo, <\/span><b>salir a caminar y tomar un poco de aire fresco<\/b><span style=\"font-weight: 400;\"> puede hacer maravillas para <\/span><b>calmar el dolor de cabeza.<\/b><\/p>\n<p><span style=\"font-weight: 400;\">Busca una zona tranquila, un parque o un camino rural. Si quieres, aumenta la velocidad y trota r\u00e1pida y en\u00e9rgicamente. Algunos estudios<\/span><a href=\"https:\/\/repositorio.uam.es\/handle\/10486\/686769\"><span style=\"font-weight: 400;\"> cient\u00edficos sobre la migra\u00f1a<\/span><\/a><span style=\"font-weight: 400;\"> han demostrado, por ejemplo, que los ejercicios aer\u00f3bicos pueden ayudar a disminuir la intensidad del dolor.<\/span><\/p>\n<h2><span style=\"font-weight: 400;\">2. Aplica fr\u00edo en la cabeza<\/span><\/h2>\n<p><b>Usa una compresa de hielo para aliviar el dolor punzante en tu cabeza<\/b><span style=\"font-weight: 400;\"> y col\u00f3cala en tu frente, sienes o la parte posterior de tu cuello. El efecto refrescante de la compresa de hielo ayudar\u00e1 a relajar tus m\u00fasculos y a <\/span><b>aliviar el dolor de cabeza<\/b><span style=\"font-weight: 400;\">.<\/span><\/p>\n<h2><span style=\"font-weight: 400;\">3. Toma una ducha o ba\u00f1o relajante<\/span><\/h2>\n<p><span style=\"font-weight: 400;\">Los dolores de cabeza que surgen a causa del <\/span><a href=\"https:\/\/www.gruporecoletas.com\/noticias\/ano-sin-estres-posible-estos-6-consejos\/\"><span style=\"font-weight: 400;\">estr\u00e9s o la tensi\u00f3n<\/span><\/a><span style=\"font-weight: 400;\">, a menudo, pueden desaparecer f\u00e1cilmente con el solo hecho de relajarte. <\/span><b>Un ba\u00f1o caliente<\/b><span style=\"font-weight: 400;\"> puede ayudarte, pero <\/span><b>una ducha r\u00e1pida<\/b><span style=\"font-weight: 400;\"> tambi\u00e9n puede ser \u00fatil para <\/span><b>eliminar el estr\u00e9s del d\u00eda.<\/b><\/p>\n<h2><span style=\"font-weight: 400;\">4. Hazte un masaje en la cabeza<\/span><\/h2>\n<p><span style=\"font-weight: 400;\">Aplica una <\/span><b>suave presi\u00f3n a la zona de la cabeza<\/b><span style=\"font-weight: 400;\"> que te duele (las sienes, la frente o la base del cr\u00e1neo) con tu pulgar y tu dedo \u00edndice. Hazlo con movimientos giratorios constantes, ejerciendo una ligera presi\u00f3n.<\/span><\/p>\n<h2><span style=\"font-weight: 400;\">5. Ponte gafas de sol<\/span><\/h2>\n<p><span style=\"font-weight: 400;\">La exposici\u00f3n prolongada a la luz solar puede causar molestia al t\u00e1lamo del cerebro, el cual env\u00eda las se\u00f1ales de dolor al cuerpo.<\/span><b> Para proteger tus ojos del brillo y disminuir el riesgo de sufrir de dolor de cabeza, usa lentes de sol polarizados.<\/b><\/p>\n<p><span style=\"font-weight: 400;\">Y si nada te ayuda, antes de automedicarte, consulta con tu m\u00e9dico para saber qu\u00e9 tratamiento es el mejor para tu caso. Recuerda: pide tu <\/span><a href=\"https:\/\/www.gruporecoletas.com\/pedir-cita-online\/\"><span style=\"font-weight: 400;\">cita online<\/span><\/a><span style=\"font-weight: 400;\"> en Recoletas Red Hospitalaria y nuestro <\/span><a href=\"https:\/\/www.gruporecoletas.com\/profesionales\/\"><span style=\"font-weight: 400;\">equipo de profesionales<\/span><\/a><span style=\"font-weight: 400;\"> te ayudar\u00e1 en todo aquello que necesites.<\/span><\/p>\n","protected":false},"excerpt":{"rendered":"<p>\u00bfSabes que el dolor de cabeza es una de las dolencias m\u00e1s habituales hoy en d\u00eda? De hecho, el 46% de la poblaci\u00f3n espa\u00f1ola presenta alg\u00fan tipo de cefalea activa y el 4% sufre cefalea cr\u00f3nica, datos que han aumentado este a\u00f1o debido a la pandemia (seg\u00fan la Sociedad Espa\u00f1ola de Neurolog\u00eda). \u00bfCu\u00e1les son las [&hellip;]<\/p>\n","protected":false},"author":2,"featured_media":9330,"comment_status":"closed","ping_status":"closed","sticky":false,"template":"","format":"standard","meta":{"_acf_changed":false,"footnotes":""},"categories":[48,3212],"tags":[],"class_list":["post-9328","post","type-post","status-publish","format-standard","has-post-thumbnail","hentry","category-prevencion","category-unidad-de-promocion-de-la-salud"],"acf":[],"yoast_head":"<!-- This site is optimized with the Yoast SEO Premium plugin v27.3 (Yoast SEO v27.3) - https:\/\/yoast.com\/product\/yoast-seo-premium-wordpress\/ -->\n<title>C\u00f3mo curar un dolor de cabeza sin medicamentos - Noticias Grupo Recoletas<\/title>\n<meta name=\"robots\" content=\"index, follow, max-snippet:-1, max-image-preview:large, max-video-preview:-1\" \/>\n<link rel=\"canonical\" href=\"https:\/\/www.gruporecoletas.com\/noticias\/curar-dolor-cabeza-sin-medicamentos\/\" \/>\n<meta property=\"og:locale\" content=\"es_ES\" \/>\n<meta property=\"og:type\" content=\"article\" \/>\n<meta property=\"og:title\" content=\"C\u00f3mo curar un dolor de cabeza sin medicamentos\" \/>\n<meta property=\"og:description\" content=\"\u00bfSabes que el dolor de cabeza es una de las dolencias m\u00e1s habituales hoy en d\u00eda? De hecho, el 46% de la poblaci\u00f3n espa\u00f1ola presenta alg\u00fan tipo de cefalea activa y el 4% sufre cefalea cr\u00f3nica, datos que han aumentado este a\u00f1o debido a la pandemia (seg\u00fan la Sociedad Espa\u00f1ola de Neurolog\u00eda). \u00bfCu\u00e1les son las [&hellip;]\" \/>\n<meta property=\"og:url\" content=\"https:\/\/www.gruporecoletas.com\/noticias\/curar-dolor-cabeza-sin-medicamentos\/\" \/>\n<meta property=\"og:site_name\" content=\"Noticias Grupo Recoletas\" \/>\n<meta property=\"article:publisher\" content=\"https:\/\/www.facebook.com\/GrupoRecoletas\/\" \/>\n<meta property=\"article:published_time\" content=\"2021-10-14T06:00:00+00:00\" \/>\n<meta property=\"article:modified_time\" content=\"2021-11-09T09:29:45+00:00\" \/>\n<meta property=\"og:image\" content=\"https:\/\/www.gruporecoletas.com\/noticias\/wp-content\/uploads\/2017\/07\/dolorcabeza.jpg\" \/>\n\t<meta property=\"og:image:width\" content=\"1400\" \/>\n\t<meta property=\"og:image:height\" content=\"995\" \/>\n\t<meta property=\"og:image:type\" content=\"image\/jpeg\" \/>\n<meta name=\"author\" content=\"Recoletas Red Hospitalaria\" \/>\n<meta name=\"twitter:card\" content=\"summary_large_image\" \/>\n<meta name=\"twitter:creator\" content=\"@GrupoRecoletas\" \/>\n<meta name=\"twitter:site\" content=\"@GrupoRecoletas\" \/>\n<meta name=\"twitter:label1\" content=\"Escrito por\" \/>\n\t<meta name=\"twitter:data1\" content=\"Recoletas Red Hospitalaria\" \/>\n\t<meta name=\"twitter:label2\" content=\"Tiempo de lectura\" \/>\n\t<meta name=\"twitter:data2\" content=\"4 minutos\" \/>\n<script type=\"application\/ld+json\" class=\"yoast-schema-graph\">{\"@context\":\"https:\\\/\\\/schema.org\",\"@graph\":[{\"@type\":\"Article\",\"@id\":\"https:\\\/\\\/www.gruporecoletas.com\\\/noticias\\\/curar-dolor-cabeza-sin-medicamentos\\\/#article\",\"isPartOf\":{\"@id\":\"https:\\\/\\\/www.gruporecoletas.com\\\/noticias\\\/curar-dolor-cabeza-sin-medicamentos\\\/\"},\"author\":{\"name\":\"Recoletas Red Hospitalaria\",\"@id\":\"https:\\\/\\\/www.gruporecoletas.com\\\/noticias\\\/#\\\/schema\\\/person\\\/3c6ac429828d1f5e3d3bd99f4da9b02c\"},\"headline\":\"C\u00f3mo curar un dolor de cabeza sin medicamentos\",\"datePublished\":\"2021-10-14T06:00:00+00:00\",\"dateModified\":\"2021-11-09T09:29:45+00:00\",\"mainEntityOfPage\":{\"@id\":\"https:\\\/\\\/www.gruporecoletas.com\\\/noticias\\\/curar-dolor-cabeza-sin-medicamentos\\\/\"},\"wordCount\":732,\"image\":{\"@id\":\"https:\\\/\\\/www.gruporecoletas.com\\\/noticias\\\/curar-dolor-cabeza-sin-medicamentos\\\/#primaryimage\"},\"thumbnailUrl\":\"https:\\\/\\\/www.gruporecoletas.com\\\/noticias\\\/wp-content\\\/uploads\\\/2017\\\/07\\\/dolorcabeza.jpg\",\"articleSection\":[\"Prevenci\u00f3n\",\"Unidad de Promoci\u00f3n de la Salud\"],\"inLanguage\":\"es\"},{\"@type\":\"WebPage\",\"@id\":\"https:\\\/\\\/www.gruporecoletas.com\\\/noticias\\\/curar-dolor-cabeza-sin-medicamentos\\\/\",\"url\":\"https:\\\/\\\/www.gruporecoletas.com\\\/noticias\\\/curar-dolor-cabeza-sin-medicamentos\\\/\",\"name\":\"C\u00f3mo curar un dolor de cabeza sin medicamentos - Noticias Grupo Recoletas\",\"isPartOf\":{\"@id\":\"https:\\\/\\\/www.gruporecoletas.com\\\/noticias\\\/#website\"},\"primaryImageOfPage\":{\"@id\":\"https:\\\/\\\/www.gruporecoletas.com\\\/noticias\\\/curar-dolor-cabeza-sin-medicamentos\\\/#primaryimage\"},\"image\":{\"@id\":\"https:\\\/\\\/www.gruporecoletas.com\\\/noticias\\\/curar-dolor-cabeza-sin-medicamentos\\\/#primaryimage\"},\"thumbnailUrl\":\"https:\\\/\\\/www.gruporecoletas.com\\\/noticias\\\/wp-content\\\/uploads\\\/2017\\\/07\\\/dolorcabeza.jpg\",\"datePublished\":\"2021-10-14T06:00:00+00:00\",\"dateModified\":\"2021-11-09T09:29:45+00:00\",\"author\":{\"@id\":\"https:\\\/\\\/www.gruporecoletas.com\\\/noticias\\\/#\\\/schema\\\/person\\\/3c6ac429828d1f5e3d3bd99f4da9b02c\"},\"breadcrumb\":{\"@id\":\"https:\\\/\\\/www.gruporecoletas.com\\\/noticias\\\/curar-dolor-cabeza-sin-medicamentos\\\/#breadcrumb\"},\"inLanguage\":\"es\",\"potentialAction\":[{\"@type\":\"ReadAction\",\"target\":[\"https:\\\/\\\/www.gruporecoletas.com\\\/noticias\\\/curar-dolor-cabeza-sin-medicamentos\\\/\"]}]},{\"@type\":\"ImageObject\",\"inLanguage\":\"es\",\"@id\":\"https:\\\/\\\/www.gruporecoletas.com\\\/noticias\\\/curar-dolor-cabeza-sin-medicamentos\\\/#primaryimage\",\"url\":\"https:\\\/\\\/www.gruporecoletas.com\\\/noticias\\\/wp-content\\\/uploads\\\/2017\\\/07\\\/dolorcabeza.jpg\",\"contentUrl\":\"https:\\\/\\\/www.gruporecoletas.com\\\/noticias\\\/wp-content\\\/uploads\\\/2017\\\/07\\\/dolorcabeza.jpg\",\"width\":1400,\"height\":995},{\"@type\":\"BreadcrumbList\",\"@id\":\"https:\\\/\\\/www.gruporecoletas.com\\\/noticias\\\/curar-dolor-cabeza-sin-medicamentos\\\/#breadcrumb\",\"itemListElement\":[{\"@type\":\"ListItem\",\"position\":1,\"name\":\"Portada\",\"item\":\"https:\\\/\\\/www.gruporecoletas.com\\\/noticias\\\/\"},{\"@type\":\"ListItem\",\"position\":2,\"name\":\"C\u00f3mo curar un dolor de cabeza sin medicamentos\"}]},{\"@type\":\"WebSite\",\"@id\":\"https:\\\/\\\/www.gruporecoletas.com\\\/noticias\\\/#website\",\"url\":\"https:\\\/\\\/www.gruporecoletas.com\\\/noticias\\\/\",\"name\":\"Noticias Grupo Recoletas\",\"description\":\"Grupo Recoletas\",\"potentialAction\":[{\"@type\":\"SearchAction\",\"target\":{\"@type\":\"EntryPoint\",\"urlTemplate\":\"https:\\\/\\\/www.gruporecoletas.com\\\/noticias\\\/?s={search_term_string}\"},\"query-input\":{\"@type\":\"PropertyValueSpecification\",\"valueRequired\":true,\"valueName\":\"search_term_string\"}}],\"inLanguage\":\"es\"},{\"@type\":\"Person\",\"@id\":\"https:\\\/\\\/www.gruporecoletas.com\\\/noticias\\\/#\\\/schema\\\/person\\\/3c6ac429828d1f5e3d3bd99f4da9b02c\",\"name\":\"Recoletas Red Hospitalaria\",\"url\":\"https:\\\/\\\/www.gruporecoletas.com\\\/noticias\\\/author\\\/comunicacion\\\/\"}]}<\/script>\n<!-- \/ Yoast SEO Premium plugin. -->","yoast_head_json":{"title":"C\u00f3mo curar un dolor de cabeza sin medicamentos - Noticias Grupo Recoletas","robots":{"index":"index","follow":"follow","max-snippet":"max-snippet:-1","max-image-preview":"max-image-preview:large","max-video-preview":"max-video-preview:-1"},"canonical":"https:\/\/www.gruporecoletas.com\/noticias\/curar-dolor-cabeza-sin-medicamentos\/","og_locale":"es_ES","og_type":"article","og_title":"C\u00f3mo curar un dolor de cabeza sin medicamentos","og_description":"\u00bfSabes que el dolor de cabeza es una de las dolencias m\u00e1s habituales hoy en d\u00eda? De hecho, el 46% de la poblaci\u00f3n espa\u00f1ola presenta alg\u00fan tipo de cefalea activa y el 4% sufre cefalea cr\u00f3nica, datos que han aumentado este a\u00f1o debido a la pandemia (seg\u00fan la Sociedad Espa\u00f1ola de Neurolog\u00eda). \u00bfCu\u00e1les son las [&hellip;]","og_url":"https:\/\/www.gruporecoletas.com\/noticias\/curar-dolor-cabeza-sin-medicamentos\/","og_site_name":"Noticias Grupo Recoletas","article_publisher":"https:\/\/www.facebook.com\/GrupoRecoletas\/","article_published_time":"2021-10-14T06:00:00+00:00","article_modified_time":"2021-11-09T09:29:45+00:00","og_image":[{"width":1400,"height":995,"url":"https:\/\/www.gruporecoletas.com\/noticias\/wp-content\/uploads\/2017\/07\/dolorcabeza.jpg","type":"image\/jpeg"}],"author":"Recoletas Red Hospitalaria","twitter_card":"summary_large_image","twitter_creator":"@GrupoRecoletas","twitter_site":"@GrupoRecoletas","twitter_misc":{"Escrito por":"Recoletas Red Hospitalaria","Tiempo de lectura":"4 minutos"},"schema":{"@context":"https:\/\/schema.org","@graph":[{"@type":"Article","@id":"https:\/\/www.gruporecoletas.com\/noticias\/curar-dolor-cabeza-sin-medicamentos\/#article","isPartOf":{"@id":"https:\/\/www.gruporecoletas.com\/noticias\/curar-dolor-cabeza-sin-medicamentos\/"},"author":{"name":"Recoletas Red Hospitalaria","@id":"https:\/\/www.gruporecoletas.com\/noticias\/#\/schema\/person\/3c6ac429828d1f5e3d3bd99f4da9b02c"},"headline":"C\u00f3mo curar un dolor de cabeza sin medicamentos","datePublished":"2021-10-14T06:00:00+00:00","dateModified":"2021-11-09T09:29:45+00:00","mainEntityOfPage":{"@id":"https:\/\/www.gruporecoletas.com\/noticias\/curar-dolor-cabeza-sin-medicamentos\/"},"wordCount":732,"image":{"@id":"https:\/\/www.gruporecoletas.com\/noticias\/curar-dolor-cabeza-sin-medicamentos\/#primaryimage"},"thumbnailUrl":"https:\/\/www.gruporecoletas.com\/noticias\/wp-content\/uploads\/2017\/07\/dolorcabeza.jpg","articleSection":["Prevenci\u00f3n","Unidad de Promoci\u00f3n de la Salud"],"inLanguage":"es"},{"@type":"WebPage","@id":"https:\/\/www.gruporecoletas.com\/noticias\/curar-dolor-cabeza-sin-medicamentos\/","url":"https:\/\/www.gruporecoletas.com\/noticias\/curar-dolor-cabeza-sin-medicamentos\/","name":"C\u00f3mo curar un dolor de cabeza sin medicamentos - Noticias Grupo Recoletas","isPartOf":{"@id":"https:\/\/www.gruporecoletas.com\/noticias\/#website"},"primaryImageOfPage":{"@id":"https:\/\/www.gruporecoletas.com\/noticias\/curar-dolor-cabeza-sin-medicamentos\/#primaryimage"},"image":{"@id":"https:\/\/www.gruporecoletas.com\/noticias\/curar-dolor-cabeza-sin-medicamentos\/#primaryimage"},"thumbnailUrl":"https:\/\/www.gruporecoletas.com\/noticias\/wp-content\/uploads\/2017\/07\/dolorcabeza.jpg","datePublished":"2021-10-14T06:00:00+00:00","dateModified":"2021-11-09T09:29:45+00:00","author":{"@id":"https:\/\/www.gruporecoletas.com\/noticias\/#\/schema\/person\/3c6ac429828d1f5e3d3bd99f4da9b02c"},"breadcrumb":{"@id":"https:\/\/www.gruporecoletas.com\/noticias\/curar-dolor-cabeza-sin-medicamentos\/#breadcrumb"},"inLanguage":"es","potentialAction":[{"@type":"ReadAction","target":["https:\/\/www.gruporecoletas.com\/noticias\/curar-dolor-cabeza-sin-medicamentos\/"]}]},{"@type":"ImageObject","inLanguage":"es","@id":"https:\/\/www.gruporecoletas.com\/noticias\/curar-dolor-cabeza-sin-medicamentos\/#primaryimage","url":"https:\/\/www.gruporecoletas.com\/noticias\/wp-content\/uploads\/2017\/07\/dolorcabeza.jpg","contentUrl":"https:\/\/www.gruporecoletas.com\/noticias\/wp-content\/uploads\/2017\/07\/dolorcabeza.jpg","width":1400,"height":995},{"@type":"BreadcrumbList","@id":"https:\/\/www.gruporecoletas.com\/noticias\/curar-dolor-cabeza-sin-medicamentos\/#breadcrumb","itemListElement":[{"@type":"ListItem","position":1,"name":"Portada","item":"https:\/\/www.gruporecoletas.com\/noticias\/"},{"@type":"ListItem","position":2,"name":"C\u00f3mo curar un dolor de cabeza sin medicamentos"}]},{"@type":"WebSite","@id":"https:\/\/www.gruporecoletas.com\/noticias\/#website","url":"https:\/\/www.gruporecoletas.com\/noticias\/","name":"Noticias Grupo Recoletas","description":"Grupo Recoletas","potentialAction":[{"@type":"SearchAction","target":{"@type":"EntryPoint","urlTemplate":"https:\/\/www.gruporecoletas.com\/noticias\/?s={search_term_string}"},"query-input":{"@type":"PropertyValueSpecification","valueRequired":true,"valueName":"search_term_string"}}],"inLanguage":"es"},{"@type":"Person","@id":"https:\/\/www.gruporecoletas.com\/noticias\/#\/schema\/person\/3c6ac429828d1f5e3d3bd99f4da9b02c","name":"Recoletas Red Hospitalaria","url":"https:\/\/www.gruporecoletas.com\/noticias\/author\/comunicacion\/"}]}},"_links":{"self":[{"href":"https:\/\/www.gruporecoletas.com\/noticias\/wp-json\/wp\/v2\/posts\/9328","targetHints":{"allow":["GET"]}}],"collection":[{"href":"https:\/\/www.gruporecoletas.com\/noticias\/wp-json\/wp\/v2\/posts"}],"about":[{"href":"https:\/\/www.gruporecoletas.com\/noticias\/wp-json\/wp\/v2\/types\/post"}],"author":[{"embeddable":true,"href":"https:\/\/www.gruporecoletas.com\/noticias\/wp-json\/wp\/v2\/users\/2"}],"replies":[{"embeddable":true,"href":"https:\/\/www.gruporecoletas.com\/noticias\/wp-json\/wp\/v2\/comments?post=9328"}],"version-history":[{"count":6,"href":"https:\/\/www.gruporecoletas.com\/noticias\/wp-json\/wp\/v2\/posts\/9328\/revisions"}],"predecessor-version":[{"id":15083,"href":"https:\/\/www.gruporecoletas.com\/noticias\/wp-json\/wp\/v2\/posts\/9328\/revisions\/15083"}],"wp:featuredmedia":[{"embeddable":true,"href":"https:\/\/www.gruporecoletas.com\/noticias\/wp-json\/wp\/v2\/media\/9330"}],"wp:attachment":[{"href":"https:\/\/www.gruporecoletas.com\/noticias\/wp-json\/wp\/v2\/media?parent=9328"}],"wp:term":[{"taxonomy":"category","embeddable":true,"href":"https:\/\/www.gruporecoletas.com\/noticias\/wp-json\/wp\/v2\/categories?post=9328"},{"taxonomy":"post_tag","embeddable":true,"href":"https:\/\/www.gruporecoletas.com\/noticias\/wp-json\/wp\/v2\/tags?post=9328"}],"curies":[{"name":"wp","href":"https:\/\/api.w.org\/{rel}","templated":true}]}}