{"id":9358,"date":"2017-08-01T14:49:41","date_gmt":"2017-08-01T12:49:41","guid":{"rendered":"https:\/\/www.gruporecoletas.com\/?p=9358"},"modified":"2017-08-01T14:49:41","modified_gmt":"2017-08-01T12:49:41","slug":"grupo-recoletas-apoyara-la-proxima-temporada-las-ligas-sociales-la-fundacion-eusebio-sacristan","status":"publish","type":"post","link":"https:\/\/www.gruporecoletas.com\/noticias\/grupo-recoletas-apoyara-la-proxima-temporada-las-ligas-sociales-la-fundacion-eusebio-sacristan\/","title":{"rendered":"Grupo Recoletas apoyar\u00e1 la pr\u00f3xima temporada las ligas sociales de la Fundaci\u00f3n Eusebio Sacrist\u00e1n"},"content":{"rendered":"<p>La competici\u00f3n de <strong>F\u00fatbol 7<\/strong> para empresas que se juega los fines de semana en varias sedes de la provincia y que en la \u00faltima temporada roz\u00f3 los 1000 participantes en m\u00e1s de 50 equipos, y la de baloncesto <strong>BasketVall<\/strong>, con 200 jugadores en m\u00e1s de una docena de conjuntos, llevar\u00e1n la pr\u00f3xima temporada el nombre de <strong>Recoletas.<\/strong> <strong>Grupo Recoletas<\/strong> que ha querido dedicar a la <strong>Fundaci\u00f3n Eusebio Sacrist\u00e1n<\/strong> parte de sus recursos de apoyo al deporte amateur.<\/p>\n<p>El convenio de colaboraci\u00f3n y patrocinio fue firmado ayer por el director de Expansi\u00f3n y Mercados de Recoletas Red Hospitalaria, <strong>Manuel Campillo<\/strong>, y el responsable de Relaciones Institucionales y con empresas de la Fundaci\u00f3n Eusebio Sacrist\u00e1n, <strong>Juan Carlos Rodr\u00edguez<\/strong>.<\/p>\n<p>Se establece as\u00ed una relaci\u00f3n que nace \u00a0con el objetivo de perdurar en el tiempo y trascender de las competiciones deportivas, ya que ambas partes trabajan ya conjuntamente en otros \u00e1mbitos como la creaci\u00f3n de una <strong>Escuela de Salud y Deporte<\/strong> que surgir\u00eda de la uni\u00f3n de un proyecto de sensibilizaci\u00f3n y divulgaci\u00f3n en el que trabajaba Recoletas y de la Escuela de Padres de Javier Torres G\u00f3mez, en la que colabora de forma activa la Fundaci\u00f3n.    \t<\/p>\n","protected":false},"excerpt":{"rendered":"<p>La competici\u00f3n de F\u00fatbol 7 para empresas que se juega los fines de semana en varias sedes de la provincia y que en la \u00faltima temporada roz\u00f3 los 1000 participantes en m\u00e1s de 50 equipos, y la de baloncesto BasketVall, con 200 jugadores en m\u00e1s de una docena de conjuntos, llevar\u00e1n la pr\u00f3xima temporada el [&hellip;]<\/p>\n","protected":false},"author":2,"featured_media":9359,"comment_status":"closed","ping_status":"closed","sticky":false,"template":"","format":"standard","meta":{"_acf_changed":false,"footnotes":""},"categories":[4],"tags":[],"class_list":["post-9358","post","type-post","status-publish","format-standard","has-post-thumbnail","hentry","category-valladolid"],"acf":[],"yoast_head":"<!-- This site is optimized with the Yoast SEO Premium plugin v27.3 (Yoast SEO v27.3) - https:\/\/yoast.com\/product\/yoast-seo-premium-wordpress\/ -->\n<title>Grupo Recoletas apoyar\u00e1 la pr\u00f3xima temporada las ligas sociales de la Fundaci\u00f3n Eusebio Sacrist\u00e1n - Noticias Grupo Recoletas<\/title>\n<meta name=\"robots\" content=\"index, follow, max-snippet:-1, max-image-preview:large, max-video-preview:-1\" \/>\n<link rel=\"canonical\" href=\"https:\/\/www.gruporecoletas.com\/noticias\/grupo-recoletas-apoyara-la-proxima-temporada-las-ligas-sociales-la-fundacion-eusebio-sacristan\/\" \/>\n<meta property=\"og:locale\" content=\"es_ES\" \/>\n<meta property=\"og:type\" content=\"article\" \/>\n<meta property=\"og:title\" content=\"Grupo Recoletas apoyar\u00e1 la pr\u00f3xima temporada las ligas sociales de la Fundaci\u00f3n Eusebio Sacrist\u00e1n\" \/>\n<meta property=\"og:description\" content=\"La competici\u00f3n de F\u00fatbol 7 para empresas que se juega los fines de semana en varias sedes de la provincia y que en la \u00faltima temporada roz\u00f3 los 1000 participantes en m\u00e1s de 50 equipos, y la de baloncesto BasketVall, con 200 jugadores en m\u00e1s de una docena de conjuntos, llevar\u00e1n la pr\u00f3xima temporada el [&hellip;]\" \/>\n<meta property=\"og:url\" content=\"https:\/\/www.gruporecoletas.com\/noticias\/grupo-recoletas-apoyara-la-proxima-temporada-las-ligas-sociales-la-fundacion-eusebio-sacristan\/\" \/>\n<meta property=\"og:site_name\" content=\"Noticias Grupo Recoletas\" \/>\n<meta property=\"article:publisher\" content=\"https:\/\/www.facebook.com\/GrupoRecoletas\/\" \/>\n<meta property=\"article:published_time\" content=\"2017-08-01T12:49:41+00:00\" \/>\n<meta property=\"og:image\" content=\"https:\/\/www.gruporecoletas.com\/noticias\/wp-content\/uploads\/2017\/08\/eusebio-e1501591741672.jpg\" \/>\n\t<meta property=\"og:image:width\" content=\"1800\" \/>\n\t<meta property=\"og:image:height\" content=\"1200\" \/>\n\t<meta property=\"og:image:type\" content=\"image\/jpeg\" \/>\n<meta name=\"author\" content=\"Recoletas Red Hospitalaria\" \/>\n<meta name=\"twitter:card\" content=\"summary_large_image\" \/>\n<meta name=\"twitter:creator\" content=\"@GrupoRecoletas\" \/>\n<meta name=\"twitter:site\" content=\"@GrupoRecoletas\" \/>\n<meta name=\"twitter:label1\" content=\"Escrito por\" \/>\n\t<meta name=\"twitter:data1\" content=\"Recoletas Red Hospitalaria\" \/>\n\t<meta name=\"twitter:label2\" content=\"Tiempo de lectura\" \/>\n\t<meta name=\"twitter:data2\" content=\"1 minuto\" \/>\n<script type=\"application\/ld+json\" class=\"yoast-schema-graph\">{\"@context\":\"https:\\\/\\\/schema.org\",\"@graph\":[{\"@type\":\"Article\",\"@id\":\"https:\\\/\\\/www.gruporecoletas.com\\\/noticias\\\/grupo-recoletas-apoyara-la-proxima-temporada-las-ligas-sociales-la-fundacion-eusebio-sacristan\\\/#article\",\"isPartOf\":{\"@id\":\"https:\\\/\\\/www.gruporecoletas.com\\\/noticias\\\/grupo-recoletas-apoyara-la-proxima-temporada-las-ligas-sociales-la-fundacion-eusebio-sacristan\\\/\"},\"author\":{\"name\":\"Recoletas Red Hospitalaria\",\"@id\":\"https:\\\/\\\/www.gruporecoletas.com\\\/noticias\\\/#\\\/schema\\\/person\\\/3c6ac429828d1f5e3d3bd99f4da9b02c\"},\"headline\":\"Grupo Recoletas apoyar\u00e1 la pr\u00f3xima temporada las ligas sociales de la Fundaci\u00f3n Eusebio Sacrist\u00e1n\",\"datePublished\":\"2017-08-01T12:49:41+00:00\",\"mainEntityOfPage\":{\"@id\":\"https:\\\/\\\/www.gruporecoletas.com\\\/noticias\\\/grupo-recoletas-apoyara-la-proxima-temporada-las-ligas-sociales-la-fundacion-eusebio-sacristan\\\/\"},\"wordCount\":228,\"image\":{\"@id\":\"https:\\\/\\\/www.gruporecoletas.com\\\/noticias\\\/grupo-recoletas-apoyara-la-proxima-temporada-las-ligas-sociales-la-fundacion-eusebio-sacristan\\\/#primaryimage\"},\"thumbnailUrl\":\"https:\\\/\\\/www.gruporecoletas.com\\\/noticias\\\/wp-content\\\/uploads\\\/2017\\\/08\\\/eusebio-e1501591741672.jpg\",\"articleSection\":[\"Valladolid\"],\"inLanguage\":\"es\"},{\"@type\":\"WebPage\",\"@id\":\"https:\\\/\\\/www.gruporecoletas.com\\\/noticias\\\/grupo-recoletas-apoyara-la-proxima-temporada-las-ligas-sociales-la-fundacion-eusebio-sacristan\\\/\",\"url\":\"https:\\\/\\\/www.gruporecoletas.com\\\/noticias\\\/grupo-recoletas-apoyara-la-proxima-temporada-las-ligas-sociales-la-fundacion-eusebio-sacristan\\\/\",\"name\":\"Grupo Recoletas apoyar\u00e1 la pr\u00f3xima temporada las ligas sociales de la Fundaci\u00f3n Eusebio Sacrist\u00e1n - Noticias Grupo Recoletas\",\"isPartOf\":{\"@id\":\"https:\\\/\\\/www.gruporecoletas.com\\\/noticias\\\/#website\"},\"primaryImageOfPage\":{\"@id\":\"https:\\\/\\\/www.gruporecoletas.com\\\/noticias\\\/grupo-recoletas-apoyara-la-proxima-temporada-las-ligas-sociales-la-fundacion-eusebio-sacristan\\\/#primaryimage\"},\"image\":{\"@id\":\"https:\\\/\\\/www.gruporecoletas.com\\\/noticias\\\/grupo-recoletas-apoyara-la-proxima-temporada-las-ligas-sociales-la-fundacion-eusebio-sacristan\\\/#primaryimage\"},\"thumbnailUrl\":\"https:\\\/\\\/www.gruporecoletas.com\\\/noticias\\\/wp-content\\\/uploads\\\/2017\\\/08\\\/eusebio-e1501591741672.jpg\",\"datePublished\":\"2017-08-01T12:49:41+00:00\",\"author\":{\"@id\":\"https:\\\/\\\/www.gruporecoletas.com\\\/noticias\\\/#\\\/schema\\\/person\\\/3c6ac429828d1f5e3d3bd99f4da9b02c\"},\"breadcrumb\":{\"@id\":\"https:\\\/\\\/www.gruporecoletas.com\\\/noticias\\\/grupo-recoletas-apoyara-la-proxima-temporada-las-ligas-sociales-la-fundacion-eusebio-sacristan\\\/#breadcrumb\"},\"inLanguage\":\"es\",\"potentialAction\":[{\"@type\":\"ReadAction\",\"target\":[\"https:\\\/\\\/www.gruporecoletas.com\\\/noticias\\\/grupo-recoletas-apoyara-la-proxima-temporada-las-ligas-sociales-la-fundacion-eusebio-sacristan\\\/\"]}]},{\"@type\":\"ImageObject\",\"inLanguage\":\"es\",\"@id\":\"https:\\\/\\\/www.gruporecoletas.com\\\/noticias\\\/grupo-recoletas-apoyara-la-proxima-temporada-las-ligas-sociales-la-fundacion-eusebio-sacristan\\\/#primaryimage\",\"url\":\"https:\\\/\\\/www.gruporecoletas.com\\\/noticias\\\/wp-content\\\/uploads\\\/2017\\\/08\\\/eusebio-e1501591741672.jpg\",\"contentUrl\":\"https:\\\/\\\/www.gruporecoletas.com\\\/noticias\\\/wp-content\\\/uploads\\\/2017\\\/08\\\/eusebio-e1501591741672.jpg\",\"width\":1800,\"height\":1200},{\"@type\":\"BreadcrumbList\",\"@id\":\"https:\\\/\\\/www.gruporecoletas.com\\\/noticias\\\/grupo-recoletas-apoyara-la-proxima-temporada-las-ligas-sociales-la-fundacion-eusebio-sacristan\\\/#breadcrumb\",\"itemListElement\":[{\"@type\":\"ListItem\",\"position\":1,\"name\":\"Portada\",\"item\":\"https:\\\/\\\/www.gruporecoletas.com\\\/noticias\\\/\"},{\"@type\":\"ListItem\",\"position\":2,\"name\":\"Grupo Recoletas apoyar\u00e1 la pr\u00f3xima temporada las ligas sociales de la Fundaci\u00f3n Eusebio Sacrist\u00e1n\"}]},{\"@type\":\"WebSite\",\"@id\":\"https:\\\/\\\/www.gruporecoletas.com\\\/noticias\\\/#website\",\"url\":\"https:\\\/\\\/www.gruporecoletas.com\\\/noticias\\\/\",\"name\":\"Noticias Grupo Recoletas\",\"description\":\"Grupo Recoletas\",\"potentialAction\":[{\"@type\":\"SearchAction\",\"target\":{\"@type\":\"EntryPoint\",\"urlTemplate\":\"https:\\\/\\\/www.gruporecoletas.com\\\/noticias\\\/?s={search_term_string}\"},\"query-input\":{\"@type\":\"PropertyValueSpecification\",\"valueRequired\":true,\"valueName\":\"search_term_string\"}}],\"inLanguage\":\"es\"},{\"@type\":\"Person\",\"@id\":\"https:\\\/\\\/www.gruporecoletas.com\\\/noticias\\\/#\\\/schema\\\/person\\\/3c6ac429828d1f5e3d3bd99f4da9b02c\",\"name\":\"Recoletas Red Hospitalaria\",\"url\":\"https:\\\/\\\/www.gruporecoletas.com\\\/noticias\\\/author\\\/comunicacion\\\/\"}]}<\/script>\n<!-- \/ Yoast SEO Premium plugin. -->","yoast_head_json":{"title":"Grupo Recoletas apoyar\u00e1 la pr\u00f3xima temporada las ligas sociales de la Fundaci\u00f3n Eusebio Sacrist\u00e1n - Noticias Grupo Recoletas","robots":{"index":"index","follow":"follow","max-snippet":"max-snippet:-1","max-image-preview":"max-image-preview:large","max-video-preview":"max-video-preview:-1"},"canonical":"https:\/\/www.gruporecoletas.com\/noticias\/grupo-recoletas-apoyara-la-proxima-temporada-las-ligas-sociales-la-fundacion-eusebio-sacristan\/","og_locale":"es_ES","og_type":"article","og_title":"Grupo Recoletas apoyar\u00e1 la pr\u00f3xima temporada las ligas sociales de la Fundaci\u00f3n Eusebio Sacrist\u00e1n","og_description":"La competici\u00f3n de F\u00fatbol 7 para empresas que se juega los fines de semana en varias sedes de la provincia y que en la \u00faltima temporada roz\u00f3 los 1000 participantes en m\u00e1s de 50 equipos, y la de baloncesto BasketVall, con 200 jugadores en m\u00e1s de una docena de conjuntos, llevar\u00e1n la pr\u00f3xima temporada el [&hellip;]","og_url":"https:\/\/www.gruporecoletas.com\/noticias\/grupo-recoletas-apoyara-la-proxima-temporada-las-ligas-sociales-la-fundacion-eusebio-sacristan\/","og_site_name":"Noticias Grupo Recoletas","article_publisher":"https:\/\/www.facebook.com\/GrupoRecoletas\/","article_published_time":"2017-08-01T12:49:41+00:00","og_image":[{"width":1800,"height":1200,"url":"https:\/\/www.gruporecoletas.com\/noticias\/wp-content\/uploads\/2017\/08\/eusebio-e1501591741672.jpg","type":"image\/jpeg"}],"author":"Recoletas Red Hospitalaria","twitter_card":"summary_large_image","twitter_creator":"@GrupoRecoletas","twitter_site":"@GrupoRecoletas","twitter_misc":{"Escrito por":"Recoletas Red Hospitalaria","Tiempo de lectura":"1 minuto"},"schema":{"@context":"https:\/\/schema.org","@graph":[{"@type":"Article","@id":"https:\/\/www.gruporecoletas.com\/noticias\/grupo-recoletas-apoyara-la-proxima-temporada-las-ligas-sociales-la-fundacion-eusebio-sacristan\/#article","isPartOf":{"@id":"https:\/\/www.gruporecoletas.com\/noticias\/grupo-recoletas-apoyara-la-proxima-temporada-las-ligas-sociales-la-fundacion-eusebio-sacristan\/"},"author":{"name":"Recoletas Red Hospitalaria","@id":"https:\/\/www.gruporecoletas.com\/noticias\/#\/schema\/person\/3c6ac429828d1f5e3d3bd99f4da9b02c"},"headline":"Grupo Recoletas apoyar\u00e1 la pr\u00f3xima temporada las ligas sociales de la Fundaci\u00f3n Eusebio Sacrist\u00e1n","datePublished":"2017-08-01T12:49:41+00:00","mainEntityOfPage":{"@id":"https:\/\/www.gruporecoletas.com\/noticias\/grupo-recoletas-apoyara-la-proxima-temporada-las-ligas-sociales-la-fundacion-eusebio-sacristan\/"},"wordCount":228,"image":{"@id":"https:\/\/www.gruporecoletas.com\/noticias\/grupo-recoletas-apoyara-la-proxima-temporada-las-ligas-sociales-la-fundacion-eusebio-sacristan\/#primaryimage"},"thumbnailUrl":"https:\/\/www.gruporecoletas.com\/noticias\/wp-content\/uploads\/2017\/08\/eusebio-e1501591741672.jpg","articleSection":["Valladolid"],"inLanguage":"es"},{"@type":"WebPage","@id":"https:\/\/www.gruporecoletas.com\/noticias\/grupo-recoletas-apoyara-la-proxima-temporada-las-ligas-sociales-la-fundacion-eusebio-sacristan\/","url":"https:\/\/www.gruporecoletas.com\/noticias\/grupo-recoletas-apoyara-la-proxima-temporada-las-ligas-sociales-la-fundacion-eusebio-sacristan\/","name":"Grupo Recoletas apoyar\u00e1 la pr\u00f3xima temporada las ligas sociales de la Fundaci\u00f3n Eusebio Sacrist\u00e1n - Noticias Grupo Recoletas","isPartOf":{"@id":"https:\/\/www.gruporecoletas.com\/noticias\/#website"},"primaryImageOfPage":{"@id":"https:\/\/www.gruporecoletas.com\/noticias\/grupo-recoletas-apoyara-la-proxima-temporada-las-ligas-sociales-la-fundacion-eusebio-sacristan\/#primaryimage"},"image":{"@id":"https:\/\/www.gruporecoletas.com\/noticias\/grupo-recoletas-apoyara-la-proxima-temporada-las-ligas-sociales-la-fundacion-eusebio-sacristan\/#primaryimage"},"thumbnailUrl":"https:\/\/www.gruporecoletas.com\/noticias\/wp-content\/uploads\/2017\/08\/eusebio-e1501591741672.jpg","datePublished":"2017-08-01T12:49:41+00:00","author":{"@id":"https:\/\/www.gruporecoletas.com\/noticias\/#\/schema\/person\/3c6ac429828d1f5e3d3bd99f4da9b02c"},"breadcrumb":{"@id":"https:\/\/www.gruporecoletas.com\/noticias\/grupo-recoletas-apoyara-la-proxima-temporada-las-ligas-sociales-la-fundacion-eusebio-sacristan\/#breadcrumb"},"inLanguage":"es","potentialAction":[{"@type":"ReadAction","target":["https:\/\/www.gruporecoletas.com\/noticias\/grupo-recoletas-apoyara-la-proxima-temporada-las-ligas-sociales-la-fundacion-eusebio-sacristan\/"]}]},{"@type":"ImageObject","inLanguage":"es","@id":"https:\/\/www.gruporecoletas.com\/noticias\/grupo-recoletas-apoyara-la-proxima-temporada-las-ligas-sociales-la-fundacion-eusebio-sacristan\/#primaryimage","url":"https:\/\/www.gruporecoletas.com\/noticias\/wp-content\/uploads\/2017\/08\/eusebio-e1501591741672.jpg","contentUrl":"https:\/\/www.gruporecoletas.com\/noticias\/wp-content\/uploads\/2017\/08\/eusebio-e1501591741672.jpg","width":1800,"height":1200},{"@type":"BreadcrumbList","@id":"https:\/\/www.gruporecoletas.com\/noticias\/grupo-recoletas-apoyara-la-proxima-temporada-las-ligas-sociales-la-fundacion-eusebio-sacristan\/#breadcrumb","itemListElement":[{"@type":"ListItem","position":1,"name":"Portada","item":"https:\/\/www.gruporecoletas.com\/noticias\/"},{"@type":"ListItem","position":2,"name":"Grupo Recoletas apoyar\u00e1 la pr\u00f3xima temporada las ligas sociales de la Fundaci\u00f3n Eusebio Sacrist\u00e1n"}]},{"@type":"WebSite","@id":"https:\/\/www.gruporecoletas.com\/noticias\/#website","url":"https:\/\/www.gruporecoletas.com\/noticias\/","name":"Noticias Grupo Recoletas","description":"Grupo Recoletas","potentialAction":[{"@type":"SearchAction","target":{"@type":"EntryPoint","urlTemplate":"https:\/\/www.gruporecoletas.com\/noticias\/?s={search_term_string}"},"query-input":{"@type":"PropertyValueSpecification","valueRequired":true,"valueName":"search_term_string"}}],"inLanguage":"es"},{"@type":"Person","@id":"https:\/\/www.gruporecoletas.com\/noticias\/#\/schema\/person\/3c6ac429828d1f5e3d3bd99f4da9b02c","name":"Recoletas Red Hospitalaria","url":"https:\/\/www.gruporecoletas.com\/noticias\/author\/comunicacion\/"}]}},"_links":{"self":[{"href":"https:\/\/www.gruporecoletas.com\/noticias\/wp-json\/wp\/v2\/posts\/9358","targetHints":{"allow":["GET"]}}],"collection":[{"href":"https:\/\/www.gruporecoletas.com\/noticias\/wp-json\/wp\/v2\/posts"}],"about":[{"href":"https:\/\/www.gruporecoletas.com\/noticias\/wp-json\/wp\/v2\/types\/post"}],"author":[{"embeddable":true,"href":"https:\/\/www.gruporecoletas.com\/noticias\/wp-json\/wp\/v2\/users\/2"}],"replies":[{"embeddable":true,"href":"https:\/\/www.gruporecoletas.com\/noticias\/wp-json\/wp\/v2\/comments?post=9358"}],"version-history":[{"count":0,"href":"https:\/\/www.gruporecoletas.com\/noticias\/wp-json\/wp\/v2\/posts\/9358\/revisions"}],"wp:featuredmedia":[{"embeddable":true,"href":"https:\/\/www.gruporecoletas.com\/noticias\/wp-json\/wp\/v2\/media\/9359"}],"wp:attachment":[{"href":"https:\/\/www.gruporecoletas.com\/noticias\/wp-json\/wp\/v2\/media?parent=9358"}],"wp:term":[{"taxonomy":"category","embeddable":true,"href":"https:\/\/www.gruporecoletas.com\/noticias\/wp-json\/wp\/v2\/categories?post=9358"},{"taxonomy":"post_tag","embeddable":true,"href":"https:\/\/www.gruporecoletas.com\/noticias\/wp-json\/wp\/v2\/tags?post=9358"}],"curies":[{"name":"wp","href":"https:\/\/api.w.org\/{rel}","templated":true}]}}