{"id":9393,"date":"2017-08-17T17:10:16","date_gmt":"2017-08-17T15:10:16","guid":{"rendered":"https:\/\/www.gruporecoletas.com\/?p=9393"},"modified":"2017-08-17T17:10:16","modified_gmt":"2017-08-17T15:10:16","slug":"los-integrantes-del-club-baloncesto-san-pablo-burgos-pasan-reconocimiento-medico-grupo-recoletas","status":"publish","type":"post","link":"https:\/\/www.gruporecoletas.com\/noticias\/los-integrantes-del-club-baloncesto-san-pablo-burgos-pasan-reconocimiento-medico-grupo-recoletas\/","title":{"rendered":"Los integrantes del Club Baloncesto San Pablo Burgos pasan reconocimiento m\u00e9dico con Grupo Recoletas"},"content":{"rendered":"<p>Los nuevos jugadores de ACB han pasado reconomiento m\u00e9dico en el <strong>Hospital Recoletas Burgos<\/strong> donde se ha llevado a cabo un reconocimiento m\u00e9dico de alguno de los integrantes de la plantilla. Se ha podido constatar el buen estado de forma de los jugadores.<\/p>\n<p>El Servicio M\u00e9dico <strong>Club Baloncesto San Pablo Burgos<\/strong> han expresado de este modo su confianza en el buen hacer de los profesionales de nuestro Grupo sanitario.<\/p>\n<p>El nuevo proyecto del San Pablo Inmobiliaria Burgos en Liga Endesa ha echado a andar\u00a0 con la primera concentraci\u00f3n de la pretemporada, dedicada al reconocimiento m\u00e9dico. Los jugadores disponibles han sido citados a las puertas del Hospital Recoletas, centro de referencia para la plantilla azul, y all\u00ed han tenido una primera toma de contacto muy amistosa.<\/p>\n<p><img loading=\"lazy\" decoding=\"async\" class=\"alignnone size-full wp-image-9396\" src=\"https:\/\/www.gruporecoletas.com\/wp-content\/uploads\/2017\/08\/DSC9076_resized_20170816_082142519-e1502982574977.jpg\" alt=\"\" width=\"1200\" height=\"798\" srcset=\"https:\/\/www.gruporecoletas.com\/noticias\/wp-content\/uploads\/2017\/08\/DSC9076_resized_20170816_082142519-e1502982574977.jpg 1200w, https:\/\/www.gruporecoletas.com\/noticias\/wp-content\/uploads\/2017\/08\/DSC9076_resized_20170816_082142519-e1502982574977-300x200.jpg 300w, https:\/\/www.gruporecoletas.com\/noticias\/wp-content\/uploads\/2017\/08\/DSC9076_resized_20170816_082142519-e1502982574977-768x511.jpg 768w, https:\/\/www.gruporecoletas.com\/noticias\/wp-content\/uploads\/2017\/08\/DSC9076_resized_20170816_082142519-e1502982574977-1024x681.jpg 1024w\" sizes=\"auto, (max-width: 1200px) 100vw, 1200px\" \/>    \t<\/p>\n","protected":false},"excerpt":{"rendered":"<p>Los nuevos jugadores de ACB han pasado reconomiento m\u00e9dico en el Hospital Recoletas Burgos donde se ha llevado a cabo un reconocimiento m\u00e9dico de alguno de los integrantes de la plantilla. Se ha podido constatar el buen estado de forma de los jugadores. El Servicio M\u00e9dico Club Baloncesto San Pablo Burgos han expresado de este [&hellip;]<\/p>\n","protected":false},"author":2,"featured_media":9394,"comment_status":"closed","ping_status":"closed","sticky":false,"template":"","format":"standard","meta":{"_acf_changed":false,"footnotes":""},"categories":[10],"tags":[],"class_list":["post-9393","post","type-post","status-publish","format-standard","has-post-thumbnail","hentry","category-burgos"],"acf":[],"yoast_head":"<!-- This site is optimized with the Yoast SEO Premium plugin v27.3 (Yoast SEO v27.3) - https:\/\/yoast.com\/product\/yoast-seo-premium-wordpress\/ -->\n<title>Los integrantes del Club Baloncesto San Pablo Burgos pasan reconocimiento m\u00e9dico con Grupo Recoletas - Noticias Grupo Recoletas<\/title>\n<meta name=\"robots\" content=\"index, follow, max-snippet:-1, max-image-preview:large, max-video-preview:-1\" \/>\n<link rel=\"canonical\" href=\"https:\/\/www.gruporecoletas.com\/noticias\/los-integrantes-del-club-baloncesto-san-pablo-burgos-pasan-reconocimiento-medico-grupo-recoletas\/\" \/>\n<meta property=\"og:locale\" content=\"es_ES\" \/>\n<meta property=\"og:type\" content=\"article\" \/>\n<meta property=\"og:title\" content=\"Los integrantes del Club Baloncesto San Pablo Burgos pasan reconocimiento m\u00e9dico con Grupo Recoletas\" \/>\n<meta property=\"og:description\" content=\"Los nuevos jugadores de ACB han pasado reconomiento m\u00e9dico en el Hospital Recoletas Burgos donde se ha llevado a cabo un reconocimiento m\u00e9dico de alguno de los integrantes de la plantilla. Se ha podido constatar el buen estado de forma de los jugadores. El Servicio M\u00e9dico Club Baloncesto San Pablo Burgos han expresado de este [&hellip;]\" \/>\n<meta property=\"og:url\" content=\"https:\/\/www.gruporecoletas.com\/noticias\/los-integrantes-del-club-baloncesto-san-pablo-burgos-pasan-reconocimiento-medico-grupo-recoletas\/\" \/>\n<meta property=\"og:site_name\" content=\"Noticias Grupo Recoletas\" \/>\n<meta property=\"article:publisher\" content=\"https:\/\/www.facebook.com\/GrupoRecoletas\/\" \/>\n<meta property=\"article:published_time\" content=\"2017-08-17T15:10:16+00:00\" \/>\n<meta property=\"og:image\" content=\"https:\/\/www.gruporecoletas.com\/noticias\/wp-content\/uploads\/2017\/08\/DSC9061_resized_20170816_082117691-e1502982443953.jpg\" \/>\n\t<meta property=\"og:image:width\" content=\"1200\" \/>\n\t<meta property=\"og:image:height\" content=\"798\" \/>\n\t<meta property=\"og:image:type\" content=\"image\/jpeg\" \/>\n<meta name=\"author\" content=\"Recoletas Red Hospitalaria\" \/>\n<meta name=\"twitter:card\" content=\"summary_large_image\" \/>\n<meta name=\"twitter:creator\" content=\"@GrupoRecoletas\" \/>\n<meta name=\"twitter:site\" content=\"@GrupoRecoletas\" \/>\n<meta name=\"twitter:label1\" content=\"Escrito por\" \/>\n\t<meta name=\"twitter:data1\" content=\"Recoletas Red Hospitalaria\" \/>\n\t<meta name=\"twitter:label2\" content=\"Tiempo de lectura\" \/>\n\t<meta name=\"twitter:data2\" content=\"1 minuto\" \/>\n<script type=\"application\/ld+json\" class=\"yoast-schema-graph\">{\"@context\":\"https:\\\/\\\/schema.org\",\"@graph\":[{\"@type\":\"Article\",\"@id\":\"https:\\\/\\\/www.gruporecoletas.com\\\/noticias\\\/los-integrantes-del-club-baloncesto-san-pablo-burgos-pasan-reconocimiento-medico-grupo-recoletas\\\/#article\",\"isPartOf\":{\"@id\":\"https:\\\/\\\/www.gruporecoletas.com\\\/noticias\\\/los-integrantes-del-club-baloncesto-san-pablo-burgos-pasan-reconocimiento-medico-grupo-recoletas\\\/\"},\"author\":{\"name\":\"Recoletas Red Hospitalaria\",\"@id\":\"https:\\\/\\\/www.gruporecoletas.com\\\/noticias\\\/#\\\/schema\\\/person\\\/3c6ac429828d1f5e3d3bd99f4da9b02c\"},\"headline\":\"Los integrantes del Club Baloncesto San Pablo Burgos pasan reconocimiento m\u00e9dico con Grupo Recoletas\",\"datePublished\":\"2017-08-17T15:10:16+00:00\",\"mainEntityOfPage\":{\"@id\":\"https:\\\/\\\/www.gruporecoletas.com\\\/noticias\\\/los-integrantes-del-club-baloncesto-san-pablo-burgos-pasan-reconocimiento-medico-grupo-recoletas\\\/\"},\"wordCount\":145,\"image\":{\"@id\":\"https:\\\/\\\/www.gruporecoletas.com\\\/noticias\\\/los-integrantes-del-club-baloncesto-san-pablo-burgos-pasan-reconocimiento-medico-grupo-recoletas\\\/#primaryimage\"},\"thumbnailUrl\":\"https:\\\/\\\/www.gruporecoletas.com\\\/noticias\\\/wp-content\\\/uploads\\\/2017\\\/08\\\/DSC9061_resized_20170816_082117691-e1502982443953.jpg\",\"articleSection\":[\"Burgos\"],\"inLanguage\":\"es\"},{\"@type\":\"WebPage\",\"@id\":\"https:\\\/\\\/www.gruporecoletas.com\\\/noticias\\\/los-integrantes-del-club-baloncesto-san-pablo-burgos-pasan-reconocimiento-medico-grupo-recoletas\\\/\",\"url\":\"https:\\\/\\\/www.gruporecoletas.com\\\/noticias\\\/los-integrantes-del-club-baloncesto-san-pablo-burgos-pasan-reconocimiento-medico-grupo-recoletas\\\/\",\"name\":\"Los integrantes del Club Baloncesto San Pablo Burgos pasan reconocimiento m\u00e9dico con Grupo Recoletas - Noticias Grupo Recoletas\",\"isPartOf\":{\"@id\":\"https:\\\/\\\/www.gruporecoletas.com\\\/noticias\\\/#website\"},\"primaryImageOfPage\":{\"@id\":\"https:\\\/\\\/www.gruporecoletas.com\\\/noticias\\\/los-integrantes-del-club-baloncesto-san-pablo-burgos-pasan-reconocimiento-medico-grupo-recoletas\\\/#primaryimage\"},\"image\":{\"@id\":\"https:\\\/\\\/www.gruporecoletas.com\\\/noticias\\\/los-integrantes-del-club-baloncesto-san-pablo-burgos-pasan-reconocimiento-medico-grupo-recoletas\\\/#primaryimage\"},\"thumbnailUrl\":\"https:\\\/\\\/www.gruporecoletas.com\\\/noticias\\\/wp-content\\\/uploads\\\/2017\\\/08\\\/DSC9061_resized_20170816_082117691-e1502982443953.jpg\",\"datePublished\":\"2017-08-17T15:10:16+00:00\",\"author\":{\"@id\":\"https:\\\/\\\/www.gruporecoletas.com\\\/noticias\\\/#\\\/schema\\\/person\\\/3c6ac429828d1f5e3d3bd99f4da9b02c\"},\"breadcrumb\":{\"@id\":\"https:\\\/\\\/www.gruporecoletas.com\\\/noticias\\\/los-integrantes-del-club-baloncesto-san-pablo-burgos-pasan-reconocimiento-medico-grupo-recoletas\\\/#breadcrumb\"},\"inLanguage\":\"es\",\"potentialAction\":[{\"@type\":\"ReadAction\",\"target\":[\"https:\\\/\\\/www.gruporecoletas.com\\\/noticias\\\/los-integrantes-del-club-baloncesto-san-pablo-burgos-pasan-reconocimiento-medico-grupo-recoletas\\\/\"]}]},{\"@type\":\"ImageObject\",\"inLanguage\":\"es\",\"@id\":\"https:\\\/\\\/www.gruporecoletas.com\\\/noticias\\\/los-integrantes-del-club-baloncesto-san-pablo-burgos-pasan-reconocimiento-medico-grupo-recoletas\\\/#primaryimage\",\"url\":\"https:\\\/\\\/www.gruporecoletas.com\\\/noticias\\\/wp-content\\\/uploads\\\/2017\\\/08\\\/DSC9061_resized_20170816_082117691-e1502982443953.jpg\",\"contentUrl\":\"https:\\\/\\\/www.gruporecoletas.com\\\/noticias\\\/wp-content\\\/uploads\\\/2017\\\/08\\\/DSC9061_resized_20170816_082117691-e1502982443953.jpg\",\"width\":1200,\"height\":798},{\"@type\":\"BreadcrumbList\",\"@id\":\"https:\\\/\\\/www.gruporecoletas.com\\\/noticias\\\/los-integrantes-del-club-baloncesto-san-pablo-burgos-pasan-reconocimiento-medico-grupo-recoletas\\\/#breadcrumb\",\"itemListElement\":[{\"@type\":\"ListItem\",\"position\":1,\"name\":\"Portada\",\"item\":\"https:\\\/\\\/www.gruporecoletas.com\\\/noticias\\\/\"},{\"@type\":\"ListItem\",\"position\":2,\"name\":\"Los integrantes del Club Baloncesto San Pablo Burgos pasan reconocimiento m\u00e9dico con Grupo Recoletas\"}]},{\"@type\":\"WebSite\",\"@id\":\"https:\\\/\\\/www.gruporecoletas.com\\\/noticias\\\/#website\",\"url\":\"https:\\\/\\\/www.gruporecoletas.com\\\/noticias\\\/\",\"name\":\"Noticias Grupo Recoletas\",\"description\":\"Grupo Recoletas\",\"potentialAction\":[{\"@type\":\"SearchAction\",\"target\":{\"@type\":\"EntryPoint\",\"urlTemplate\":\"https:\\\/\\\/www.gruporecoletas.com\\\/noticias\\\/?s={search_term_string}\"},\"query-input\":{\"@type\":\"PropertyValueSpecification\",\"valueRequired\":true,\"valueName\":\"search_term_string\"}}],\"inLanguage\":\"es\"},{\"@type\":\"Person\",\"@id\":\"https:\\\/\\\/www.gruporecoletas.com\\\/noticias\\\/#\\\/schema\\\/person\\\/3c6ac429828d1f5e3d3bd99f4da9b02c\",\"name\":\"Recoletas Red Hospitalaria\",\"url\":\"https:\\\/\\\/www.gruporecoletas.com\\\/noticias\\\/author\\\/comunicacion\\\/\"}]}<\/script>\n<!-- \/ Yoast SEO Premium plugin. -->","yoast_head_json":{"title":"Los integrantes del Club Baloncesto San Pablo Burgos pasan reconocimiento m\u00e9dico con Grupo Recoletas - Noticias Grupo Recoletas","robots":{"index":"index","follow":"follow","max-snippet":"max-snippet:-1","max-image-preview":"max-image-preview:large","max-video-preview":"max-video-preview:-1"},"canonical":"https:\/\/www.gruporecoletas.com\/noticias\/los-integrantes-del-club-baloncesto-san-pablo-burgos-pasan-reconocimiento-medico-grupo-recoletas\/","og_locale":"es_ES","og_type":"article","og_title":"Los integrantes del Club Baloncesto San Pablo Burgos pasan reconocimiento m\u00e9dico con Grupo Recoletas","og_description":"Los nuevos jugadores de ACB han pasado reconomiento m\u00e9dico en el Hospital Recoletas Burgos donde se ha llevado a cabo un reconocimiento m\u00e9dico de alguno de los integrantes de la plantilla. Se ha podido constatar el buen estado de forma de los jugadores. El Servicio M\u00e9dico Club Baloncesto San Pablo Burgos han expresado de este [&hellip;]","og_url":"https:\/\/www.gruporecoletas.com\/noticias\/los-integrantes-del-club-baloncesto-san-pablo-burgos-pasan-reconocimiento-medico-grupo-recoletas\/","og_site_name":"Noticias Grupo Recoletas","article_publisher":"https:\/\/www.facebook.com\/GrupoRecoletas\/","article_published_time":"2017-08-17T15:10:16+00:00","og_image":[{"width":1200,"height":798,"url":"https:\/\/www.gruporecoletas.com\/noticias\/wp-content\/uploads\/2017\/08\/DSC9061_resized_20170816_082117691-e1502982443953.jpg","type":"image\/jpeg"}],"author":"Recoletas Red Hospitalaria","twitter_card":"summary_large_image","twitter_creator":"@GrupoRecoletas","twitter_site":"@GrupoRecoletas","twitter_misc":{"Escrito por":"Recoletas Red Hospitalaria","Tiempo de lectura":"1 minuto"},"schema":{"@context":"https:\/\/schema.org","@graph":[{"@type":"Article","@id":"https:\/\/www.gruporecoletas.com\/noticias\/los-integrantes-del-club-baloncesto-san-pablo-burgos-pasan-reconocimiento-medico-grupo-recoletas\/#article","isPartOf":{"@id":"https:\/\/www.gruporecoletas.com\/noticias\/los-integrantes-del-club-baloncesto-san-pablo-burgos-pasan-reconocimiento-medico-grupo-recoletas\/"},"author":{"name":"Recoletas Red Hospitalaria","@id":"https:\/\/www.gruporecoletas.com\/noticias\/#\/schema\/person\/3c6ac429828d1f5e3d3bd99f4da9b02c"},"headline":"Los integrantes del Club Baloncesto San Pablo Burgos pasan reconocimiento m\u00e9dico con Grupo Recoletas","datePublished":"2017-08-17T15:10:16+00:00","mainEntityOfPage":{"@id":"https:\/\/www.gruporecoletas.com\/noticias\/los-integrantes-del-club-baloncesto-san-pablo-burgos-pasan-reconocimiento-medico-grupo-recoletas\/"},"wordCount":145,"image":{"@id":"https:\/\/www.gruporecoletas.com\/noticias\/los-integrantes-del-club-baloncesto-san-pablo-burgos-pasan-reconocimiento-medico-grupo-recoletas\/#primaryimage"},"thumbnailUrl":"https:\/\/www.gruporecoletas.com\/noticias\/wp-content\/uploads\/2017\/08\/DSC9061_resized_20170816_082117691-e1502982443953.jpg","articleSection":["Burgos"],"inLanguage":"es"},{"@type":"WebPage","@id":"https:\/\/www.gruporecoletas.com\/noticias\/los-integrantes-del-club-baloncesto-san-pablo-burgos-pasan-reconocimiento-medico-grupo-recoletas\/","url":"https:\/\/www.gruporecoletas.com\/noticias\/los-integrantes-del-club-baloncesto-san-pablo-burgos-pasan-reconocimiento-medico-grupo-recoletas\/","name":"Los integrantes del Club Baloncesto San Pablo Burgos pasan reconocimiento m\u00e9dico con Grupo Recoletas - Noticias Grupo Recoletas","isPartOf":{"@id":"https:\/\/www.gruporecoletas.com\/noticias\/#website"},"primaryImageOfPage":{"@id":"https:\/\/www.gruporecoletas.com\/noticias\/los-integrantes-del-club-baloncesto-san-pablo-burgos-pasan-reconocimiento-medico-grupo-recoletas\/#primaryimage"},"image":{"@id":"https:\/\/www.gruporecoletas.com\/noticias\/los-integrantes-del-club-baloncesto-san-pablo-burgos-pasan-reconocimiento-medico-grupo-recoletas\/#primaryimage"},"thumbnailUrl":"https:\/\/www.gruporecoletas.com\/noticias\/wp-content\/uploads\/2017\/08\/DSC9061_resized_20170816_082117691-e1502982443953.jpg","datePublished":"2017-08-17T15:10:16+00:00","author":{"@id":"https:\/\/www.gruporecoletas.com\/noticias\/#\/schema\/person\/3c6ac429828d1f5e3d3bd99f4da9b02c"},"breadcrumb":{"@id":"https:\/\/www.gruporecoletas.com\/noticias\/los-integrantes-del-club-baloncesto-san-pablo-burgos-pasan-reconocimiento-medico-grupo-recoletas\/#breadcrumb"},"inLanguage":"es","potentialAction":[{"@type":"ReadAction","target":["https:\/\/www.gruporecoletas.com\/noticias\/los-integrantes-del-club-baloncesto-san-pablo-burgos-pasan-reconocimiento-medico-grupo-recoletas\/"]}]},{"@type":"ImageObject","inLanguage":"es","@id":"https:\/\/www.gruporecoletas.com\/noticias\/los-integrantes-del-club-baloncesto-san-pablo-burgos-pasan-reconocimiento-medico-grupo-recoletas\/#primaryimage","url":"https:\/\/www.gruporecoletas.com\/noticias\/wp-content\/uploads\/2017\/08\/DSC9061_resized_20170816_082117691-e1502982443953.jpg","contentUrl":"https:\/\/www.gruporecoletas.com\/noticias\/wp-content\/uploads\/2017\/08\/DSC9061_resized_20170816_082117691-e1502982443953.jpg","width":1200,"height":798},{"@type":"BreadcrumbList","@id":"https:\/\/www.gruporecoletas.com\/noticias\/los-integrantes-del-club-baloncesto-san-pablo-burgos-pasan-reconocimiento-medico-grupo-recoletas\/#breadcrumb","itemListElement":[{"@type":"ListItem","position":1,"name":"Portada","item":"https:\/\/www.gruporecoletas.com\/noticias\/"},{"@type":"ListItem","position":2,"name":"Los integrantes del Club Baloncesto San Pablo Burgos pasan reconocimiento m\u00e9dico con Grupo Recoletas"}]},{"@type":"WebSite","@id":"https:\/\/www.gruporecoletas.com\/noticias\/#website","url":"https:\/\/www.gruporecoletas.com\/noticias\/","name":"Noticias Grupo Recoletas","description":"Grupo Recoletas","potentialAction":[{"@type":"SearchAction","target":{"@type":"EntryPoint","urlTemplate":"https:\/\/www.gruporecoletas.com\/noticias\/?s={search_term_string}"},"query-input":{"@type":"PropertyValueSpecification","valueRequired":true,"valueName":"search_term_string"}}],"inLanguage":"es"},{"@type":"Person","@id":"https:\/\/www.gruporecoletas.com\/noticias\/#\/schema\/person\/3c6ac429828d1f5e3d3bd99f4da9b02c","name":"Recoletas Red Hospitalaria","url":"https:\/\/www.gruporecoletas.com\/noticias\/author\/comunicacion\/"}]}},"_links":{"self":[{"href":"https:\/\/www.gruporecoletas.com\/noticias\/wp-json\/wp\/v2\/posts\/9393","targetHints":{"allow":["GET"]}}],"collection":[{"href":"https:\/\/www.gruporecoletas.com\/noticias\/wp-json\/wp\/v2\/posts"}],"about":[{"href":"https:\/\/www.gruporecoletas.com\/noticias\/wp-json\/wp\/v2\/types\/post"}],"author":[{"embeddable":true,"href":"https:\/\/www.gruporecoletas.com\/noticias\/wp-json\/wp\/v2\/users\/2"}],"replies":[{"embeddable":true,"href":"https:\/\/www.gruporecoletas.com\/noticias\/wp-json\/wp\/v2\/comments?post=9393"}],"version-history":[{"count":0,"href":"https:\/\/www.gruporecoletas.com\/noticias\/wp-json\/wp\/v2\/posts\/9393\/revisions"}],"wp:featuredmedia":[{"embeddable":true,"href":"https:\/\/www.gruporecoletas.com\/noticias\/wp-json\/wp\/v2\/media\/9394"}],"wp:attachment":[{"href":"https:\/\/www.gruporecoletas.com\/noticias\/wp-json\/wp\/v2\/media?parent=9393"}],"wp:term":[{"taxonomy":"category","embeddable":true,"href":"https:\/\/www.gruporecoletas.com\/noticias\/wp-json\/wp\/v2\/categories?post=9393"},{"taxonomy":"post_tag","embeddable":true,"href":"https:\/\/www.gruporecoletas.com\/noticias\/wp-json\/wp\/v2\/tags?post=9393"}],"curies":[{"name":"wp","href":"https:\/\/api.w.org\/{rel}","templated":true}]}}