{"id":9809,"date":"2017-10-30T21:10:16","date_gmt":"2017-10-30T21:10:16","guid":{"rendered":"https:\/\/www.gruporecoletas.com\/?p=9809"},"modified":"2019-03-05T10:00:31","modified_gmt":"2019-03-05T10:00:31","slug":"la-anemia-podemos-prevenirla","status":"publish","type":"post","link":"https:\/\/www.gruporecoletas.com\/noticias\/la-anemia-podemos-prevenirla\/","title":{"rendered":"\u00bfQu\u00e9 es la anemia y c\u00f3mo podemos prevenirla?"},"content":{"rendered":"<p><strong>La anemia es un trastorno muy com\u00fan<\/strong>, que se debe a la disminuci\u00f3n de la concentraci\u00f3n de hemoglobina, asociada o no a la reducci\u00f3n del n\u00famero de gl\u00f3bulos rojos. La hemoglobina se encarga de transportar el ox\u00edgeno a los diferentes tejidos del cuerpo, por lo que detallamos a continuaci\u00f3n los posibles signos y s\u00edntomas que puedan ocasionarse:<\/p>\n<h3>SIGNOS Y S\u00cdNTOMAS<\/h3>\n<p>\u2022 Cansancio (el m\u00e1s frecuente)<br \/>\n\u2022 V\u00e9rtigo, dolor de cabeza<br \/>\n\u2022 Grietas o hinchaz\u00f3n de la lengua<br \/>\n\u2022 Comisuras de la boca<br \/>\n\u2022 Palidez en piel, boca y u\u00f1as<br \/>\n\u2022 Sensaci\u00f3n de \u201cpalpitaciones\u201d o dificultad para respirar<br \/>\n\u2022 En los ni\u00f1os peque\u00f1os retraso en el crecimiento, poco apetito<br \/>\n\u2022 Ca\u00edda intensa del cabello y u\u00f1as quebradizas, entre otros<\/p>\n<p>La gravedad de la anemia va desde leve hasta severa, en base a su causa y diagn\u00f3stico precoz y adecuado.<\/p>\n<h3>\u00bfQU\u00c9 LA PROVOCA?<\/h3>\n<p>La causa m\u00e1s frecuente es por disminuci\u00f3n de hierro (ferrop\u00e9nica), debida a dieta pobre en este mineral, o sangrados repetidos sin tratamiento. La principal causa en las mujeres es la menstruaci\u00f3n abundante y\/o por varios d\u00edas, mientras que en los hombres se debe al sangrado del tubo digestivo. Sin embargo, puede ser debida a muchas\u00a0otras causas, como d\u00e9ficit de vitamina B12, \u00e1cido f\u00f3lico, enfermedades cr\u00f3nico-degenerativas, trastornos autoinmunes, y enfermedades de la propia m\u00e9dula \u00f3sea.<\/p>\n<h3>\u00bfC\u00d3MO PODEMOS DIAGNOSTICARLA?<\/h3>\n<p>Es sencillo. Debemos tener la sospecha cl\u00ed- nica en pacientes que presentan los signos y s\u00edntomas referidos. Por ello, la exploraci\u00f3n f\u00edsica es un pilar muy importante en su diagn\u00f3stico. El estudio anal\u00edtico inicial debe ser un hemograma, que se obtiene por extracci\u00f3n\u00a0de sangre de las venas del brazo. Con \u00e9l podemos diagnosticar si existe anemia y orientarnos sobre la causa, aunque es posible que se precisen m\u00e1s estudios para llegar al diagn\u00f3stico final. Esta prueba nos sirve, adem\u00e1s, para valorar la respuesta al tratamiento que se haya iniciado al paciente. Otros estudios complementarios son la determinaci\u00f3n de hierro en sangre y de dep\u00f3sito, vitamina B12, \u00e1cido f\u00f3lico, as\u00ed como funci\u00f3n renal y hep\u00e1tica si se sospecha alteraci\u00f3n en estos \u00f3rganos, entre otros.<\/p>\n<h3>\u00bfC\u00d3MO PODEMOS PREVENIRLA?<\/h3>\n<p>La buena alimentaci\u00f3n tiene un papel fundamental, y debe incluir alimentos ricos en hierro, por ejemplo: lentejas, alubias, mejillones, espinacas, acelgas, cacahuetes, huevo, carne roja, etc. Asimismo, la pr\u00e1ctica habitual de ejercicio suave tambi\u00e9n ayuda.<\/p>\n<h3>\u00bfC\u00d3MO LA TRATAMOS?<\/h3>\n<p>Tras haber identificado la causa de la anemia debemos actuar para corregirla. Si se debe a d\u00e9ficit de hierro, iniciaremos con recomendaciones diet\u00e9ticas y suplementos por v\u00eda oral. Se recomienda que \u00e9stos sean tomados en ayunas, acompa\u00f1ado de zumo de naranja si es posible, ya que \u00e9ste tiene altas concentraciones de vitamina C que ayuda a la absorci\u00f3n intestinal del hierro. Deben dejarse al menos 30 minutos tras la toma para consumir alimentos, procurando evitar cereales dado que disminuye su absorci\u00f3n. Algunos pacientes pueden presentar mala tolerancia al tratamiento oral, principalmente con malestar digestivo, a pesar de tomar los suplementos m\u00e1s novedosos que te\u00f3ricamente los evitan. En estos pacientes podemos valorar la administraci\u00f3n de hierro por v\u00eda intravenosa, que debe realizarse en el hospital. Tambi\u00e9n es importante considerar que si se debe a sangrado frecuente o repetitivo debe tratarse \u00e9ste. Una situaci\u00f3n de especial inter\u00e9s es el embarazo, dado que la anemia por disminuci\u00f3n de hierro se presenta frecuentemente debido a que aumentan de manera normal las necesidades del mismo. Si fuese debido a disminuci\u00f3n de vitamina\u00a0B12 o \u00e1cido f\u00f3lico se inicia suplementaci\u00f3n por v\u00eda oral o intramuscular de \u00e9stos. En caso de enfermedad cr\u00f3nica, el tratamiento va encaminado a corregir la enfermedad de base, por ejemplo, si se debe a problemas del ri\u00f1\u00f3n o enfermedades reum\u00e1ticas, se deben de tratar. La transfusi\u00f3n de concentrados de hemat\u00edes es otra alternativa, pero s\u00f3lo est\u00e1 indicada cuando los s\u00edntomas de los pacientes sean tan importantes que se considere que no se beneficiar\u00edan de otros tratamientos al momento o a corto plazo. Recordar que aunque presenta un margen muy alto de seguridad no est\u00e1 exenta de complicaciones y precisa de consentimiento firmado por parte del paciente, o bien su representante legal si son menores de edad, o incapacitados para tomar la decisi\u00f3n.    \t<\/p>\n","protected":false},"excerpt":{"rendered":"<p>La anemia es un trastorno muy com\u00fan, que se debe a la disminuci\u00f3n de la concentraci\u00f3n de hemoglobina, asociada o no a la reducci\u00f3n del n\u00famero de gl\u00f3bulos rojos. La hemoglobina se encarga de transportar el ox\u00edgeno a los diferentes tejidos del cuerpo, por lo que detallamos a continuaci\u00f3n los posibles signos y s\u00edntomas que [&hellip;]<\/p>\n","protected":false},"author":2,"featured_media":9810,"comment_status":"closed","ping_status":"closed","sticky":false,"template":"","format":"standard","meta":{"_acf_changed":false,"footnotes":""},"categories":[41],"tags":[],"class_list":["post-9809","post","type-post","status-publish","format-standard","has-post-thumbnail","hentry","category-nutricion-y-dietetica"],"acf":[],"yoast_head":"<!-- This site is optimized with the Yoast SEO Premium plugin v27.3 (Yoast SEO v27.3) - https:\/\/yoast.com\/product\/yoast-seo-premium-wordpress\/ -->\n<title>\u00bfQu\u00e9 es la anemia y c\u00f3mo podemos prevenirla? - Noticias Grupo Recoletas<\/title>\n<meta name=\"robots\" content=\"index, follow, max-snippet:-1, max-image-preview:large, max-video-preview:-1\" \/>\n<link rel=\"canonical\" href=\"https:\/\/www.gruporecoletas.com\/noticias\/la-anemia-podemos-prevenirla\/\" \/>\n<meta property=\"og:locale\" content=\"es_ES\" \/>\n<meta property=\"og:type\" content=\"article\" \/>\n<meta property=\"og:title\" content=\"\u00bfQu\u00e9 es la anemia y c\u00f3mo podemos prevenirla?\" \/>\n<meta property=\"og:description\" content=\"La anemia es un trastorno muy com\u00fan, que se debe a la disminuci\u00f3n de la concentraci\u00f3n de hemoglobina, asociada o no a la reducci\u00f3n del n\u00famero de gl\u00f3bulos rojos. La hemoglobina se encarga de transportar el ox\u00edgeno a los diferentes tejidos del cuerpo, por lo que detallamos a continuaci\u00f3n los posibles signos y s\u00edntomas que [&hellip;]\" \/>\n<meta property=\"og:url\" content=\"https:\/\/www.gruporecoletas.com\/noticias\/la-anemia-podemos-prevenirla\/\" \/>\n<meta property=\"og:site_name\" content=\"Noticias Grupo Recoletas\" \/>\n<meta property=\"article:publisher\" content=\"https:\/\/www.facebook.com\/GrupoRecoletas\/\" \/>\n<meta property=\"article:published_time\" content=\"2017-10-30T21:10:16+00:00\" \/>\n<meta property=\"article:modified_time\" content=\"2019-03-05T10:00:31+00:00\" \/>\n<meta property=\"og:image\" content=\"https:\/\/www.gruporecoletas.com\/noticias\/wp-content\/uploads\/2017\/10\/anemia.jpg\" \/>\n\t<meta property=\"og:image:width\" content=\"1400\" \/>\n\t<meta property=\"og:image:height\" content=\"969\" \/>\n\t<meta property=\"og:image:type\" content=\"image\/jpeg\" \/>\n<meta name=\"author\" content=\"Recoletas Red Hospitalaria\" \/>\n<meta name=\"twitter:card\" content=\"summary_large_image\" \/>\n<meta name=\"twitter:creator\" content=\"@GrupoRecoletas\" \/>\n<meta name=\"twitter:site\" content=\"@GrupoRecoletas\" \/>\n<meta name=\"twitter:label1\" content=\"Escrito por\" \/>\n\t<meta name=\"twitter:data1\" content=\"Recoletas Red Hospitalaria\" \/>\n\t<meta name=\"twitter:label2\" content=\"Tiempo de lectura\" \/>\n\t<meta name=\"twitter:data2\" content=\"4 minutos\" \/>\n<script type=\"application\/ld+json\" class=\"yoast-schema-graph\">{\"@context\":\"https:\\\/\\\/schema.org\",\"@graph\":[{\"@type\":\"Article\",\"@id\":\"https:\\\/\\\/www.gruporecoletas.com\\\/noticias\\\/la-anemia-podemos-prevenirla\\\/#article\",\"isPartOf\":{\"@id\":\"https:\\\/\\\/www.gruporecoletas.com\\\/noticias\\\/la-anemia-podemos-prevenirla\\\/\"},\"author\":{\"name\":\"Recoletas Red Hospitalaria\",\"@id\":\"https:\\\/\\\/www.gruporecoletas.com\\\/noticias\\\/#\\\/schema\\\/person\\\/3c6ac429828d1f5e3d3bd99f4da9b02c\"},\"headline\":\"\u00bfQu\u00e9 es la anemia y c\u00f3mo podemos prevenirla?\",\"datePublished\":\"2017-10-30T21:10:16+00:00\",\"dateModified\":\"2019-03-05T10:00:31+00:00\",\"mainEntityOfPage\":{\"@id\":\"https:\\\/\\\/www.gruporecoletas.com\\\/noticias\\\/la-anemia-podemos-prevenirla\\\/\"},\"wordCount\":763,\"image\":{\"@id\":\"https:\\\/\\\/www.gruporecoletas.com\\\/noticias\\\/la-anemia-podemos-prevenirla\\\/#primaryimage\"},\"thumbnailUrl\":\"https:\\\/\\\/www.gruporecoletas.com\\\/noticias\\\/wp-content\\\/uploads\\\/2017\\\/10\\\/anemia.jpg\",\"articleSection\":[\"Nutrici\u00f3n y dietetica\"],\"inLanguage\":\"es\"},{\"@type\":\"WebPage\",\"@id\":\"https:\\\/\\\/www.gruporecoletas.com\\\/noticias\\\/la-anemia-podemos-prevenirla\\\/\",\"url\":\"https:\\\/\\\/www.gruporecoletas.com\\\/noticias\\\/la-anemia-podemos-prevenirla\\\/\",\"name\":\"\u00bfQu\u00e9 es la anemia y c\u00f3mo podemos prevenirla? - Noticias Grupo Recoletas\",\"isPartOf\":{\"@id\":\"https:\\\/\\\/www.gruporecoletas.com\\\/noticias\\\/#website\"},\"primaryImageOfPage\":{\"@id\":\"https:\\\/\\\/www.gruporecoletas.com\\\/noticias\\\/la-anemia-podemos-prevenirla\\\/#primaryimage\"},\"image\":{\"@id\":\"https:\\\/\\\/www.gruporecoletas.com\\\/noticias\\\/la-anemia-podemos-prevenirla\\\/#primaryimage\"},\"thumbnailUrl\":\"https:\\\/\\\/www.gruporecoletas.com\\\/noticias\\\/wp-content\\\/uploads\\\/2017\\\/10\\\/anemia.jpg\",\"datePublished\":\"2017-10-30T21:10:16+00:00\",\"dateModified\":\"2019-03-05T10:00:31+00:00\",\"author\":{\"@id\":\"https:\\\/\\\/www.gruporecoletas.com\\\/noticias\\\/#\\\/schema\\\/person\\\/3c6ac429828d1f5e3d3bd99f4da9b02c\"},\"breadcrumb\":{\"@id\":\"https:\\\/\\\/www.gruporecoletas.com\\\/noticias\\\/la-anemia-podemos-prevenirla\\\/#breadcrumb\"},\"inLanguage\":\"es\",\"potentialAction\":[{\"@type\":\"ReadAction\",\"target\":[\"https:\\\/\\\/www.gruporecoletas.com\\\/noticias\\\/la-anemia-podemos-prevenirla\\\/\"]}]},{\"@type\":\"ImageObject\",\"inLanguage\":\"es\",\"@id\":\"https:\\\/\\\/www.gruporecoletas.com\\\/noticias\\\/la-anemia-podemos-prevenirla\\\/#primaryimage\",\"url\":\"https:\\\/\\\/www.gruporecoletas.com\\\/noticias\\\/wp-content\\\/uploads\\\/2017\\\/10\\\/anemia.jpg\",\"contentUrl\":\"https:\\\/\\\/www.gruporecoletas.com\\\/noticias\\\/wp-content\\\/uploads\\\/2017\\\/10\\\/anemia.jpg\",\"width\":1400,\"height\":969},{\"@type\":\"BreadcrumbList\",\"@id\":\"https:\\\/\\\/www.gruporecoletas.com\\\/noticias\\\/la-anemia-podemos-prevenirla\\\/#breadcrumb\",\"itemListElement\":[{\"@type\":\"ListItem\",\"position\":1,\"name\":\"Portada\",\"item\":\"https:\\\/\\\/www.gruporecoletas.com\\\/noticias\\\/\"},{\"@type\":\"ListItem\",\"position\":2,\"name\":\"\u00bfQu\u00e9 es la anemia y c\u00f3mo podemos prevenirla?\"}]},{\"@type\":\"WebSite\",\"@id\":\"https:\\\/\\\/www.gruporecoletas.com\\\/noticias\\\/#website\",\"url\":\"https:\\\/\\\/www.gruporecoletas.com\\\/noticias\\\/\",\"name\":\"Noticias Grupo Recoletas\",\"description\":\"Grupo Recoletas\",\"potentialAction\":[{\"@type\":\"SearchAction\",\"target\":{\"@type\":\"EntryPoint\",\"urlTemplate\":\"https:\\\/\\\/www.gruporecoletas.com\\\/noticias\\\/?s={search_term_string}\"},\"query-input\":{\"@type\":\"PropertyValueSpecification\",\"valueRequired\":true,\"valueName\":\"search_term_string\"}}],\"inLanguage\":\"es\"},{\"@type\":\"Person\",\"@id\":\"https:\\\/\\\/www.gruporecoletas.com\\\/noticias\\\/#\\\/schema\\\/person\\\/3c6ac429828d1f5e3d3bd99f4da9b02c\",\"name\":\"Recoletas Red Hospitalaria\",\"url\":\"https:\\\/\\\/www.gruporecoletas.com\\\/noticias\\\/author\\\/comunicacion\\\/\"}]}<\/script>\n<!-- \/ Yoast SEO Premium plugin. -->","yoast_head_json":{"title":"\u00bfQu\u00e9 es la anemia y c\u00f3mo podemos prevenirla? - Noticias Grupo Recoletas","robots":{"index":"index","follow":"follow","max-snippet":"max-snippet:-1","max-image-preview":"max-image-preview:large","max-video-preview":"max-video-preview:-1"},"canonical":"https:\/\/www.gruporecoletas.com\/noticias\/la-anemia-podemos-prevenirla\/","og_locale":"es_ES","og_type":"article","og_title":"\u00bfQu\u00e9 es la anemia y c\u00f3mo podemos prevenirla?","og_description":"La anemia es un trastorno muy com\u00fan, que se debe a la disminuci\u00f3n de la concentraci\u00f3n de hemoglobina, asociada o no a la reducci\u00f3n del n\u00famero de gl\u00f3bulos rojos. La hemoglobina se encarga de transportar el ox\u00edgeno a los diferentes tejidos del cuerpo, por lo que detallamos a continuaci\u00f3n los posibles signos y s\u00edntomas que [&hellip;]","og_url":"https:\/\/www.gruporecoletas.com\/noticias\/la-anemia-podemos-prevenirla\/","og_site_name":"Noticias Grupo Recoletas","article_publisher":"https:\/\/www.facebook.com\/GrupoRecoletas\/","article_published_time":"2017-10-30T21:10:16+00:00","article_modified_time":"2019-03-05T10:00:31+00:00","og_image":[{"width":1400,"height":969,"url":"https:\/\/www.gruporecoletas.com\/noticias\/wp-content\/uploads\/2017\/10\/anemia.jpg","type":"image\/jpeg"}],"author":"Recoletas Red Hospitalaria","twitter_card":"summary_large_image","twitter_creator":"@GrupoRecoletas","twitter_site":"@GrupoRecoletas","twitter_misc":{"Escrito por":"Recoletas Red Hospitalaria","Tiempo de lectura":"4 minutos"},"schema":{"@context":"https:\/\/schema.org","@graph":[{"@type":"Article","@id":"https:\/\/www.gruporecoletas.com\/noticias\/la-anemia-podemos-prevenirla\/#article","isPartOf":{"@id":"https:\/\/www.gruporecoletas.com\/noticias\/la-anemia-podemos-prevenirla\/"},"author":{"name":"Recoletas Red Hospitalaria","@id":"https:\/\/www.gruporecoletas.com\/noticias\/#\/schema\/person\/3c6ac429828d1f5e3d3bd99f4da9b02c"},"headline":"\u00bfQu\u00e9 es la anemia y c\u00f3mo podemos prevenirla?","datePublished":"2017-10-30T21:10:16+00:00","dateModified":"2019-03-05T10:00:31+00:00","mainEntityOfPage":{"@id":"https:\/\/www.gruporecoletas.com\/noticias\/la-anemia-podemos-prevenirla\/"},"wordCount":763,"image":{"@id":"https:\/\/www.gruporecoletas.com\/noticias\/la-anemia-podemos-prevenirla\/#primaryimage"},"thumbnailUrl":"https:\/\/www.gruporecoletas.com\/noticias\/wp-content\/uploads\/2017\/10\/anemia.jpg","articleSection":["Nutrici\u00f3n y dietetica"],"inLanguage":"es"},{"@type":"WebPage","@id":"https:\/\/www.gruporecoletas.com\/noticias\/la-anemia-podemos-prevenirla\/","url":"https:\/\/www.gruporecoletas.com\/noticias\/la-anemia-podemos-prevenirla\/","name":"\u00bfQu\u00e9 es la anemia y c\u00f3mo podemos prevenirla? - Noticias Grupo Recoletas","isPartOf":{"@id":"https:\/\/www.gruporecoletas.com\/noticias\/#website"},"primaryImageOfPage":{"@id":"https:\/\/www.gruporecoletas.com\/noticias\/la-anemia-podemos-prevenirla\/#primaryimage"},"image":{"@id":"https:\/\/www.gruporecoletas.com\/noticias\/la-anemia-podemos-prevenirla\/#primaryimage"},"thumbnailUrl":"https:\/\/www.gruporecoletas.com\/noticias\/wp-content\/uploads\/2017\/10\/anemia.jpg","datePublished":"2017-10-30T21:10:16+00:00","dateModified":"2019-03-05T10:00:31+00:00","author":{"@id":"https:\/\/www.gruporecoletas.com\/noticias\/#\/schema\/person\/3c6ac429828d1f5e3d3bd99f4da9b02c"},"breadcrumb":{"@id":"https:\/\/www.gruporecoletas.com\/noticias\/la-anemia-podemos-prevenirla\/#breadcrumb"},"inLanguage":"es","potentialAction":[{"@type":"ReadAction","target":["https:\/\/www.gruporecoletas.com\/noticias\/la-anemia-podemos-prevenirla\/"]}]},{"@type":"ImageObject","inLanguage":"es","@id":"https:\/\/www.gruporecoletas.com\/noticias\/la-anemia-podemos-prevenirla\/#primaryimage","url":"https:\/\/www.gruporecoletas.com\/noticias\/wp-content\/uploads\/2017\/10\/anemia.jpg","contentUrl":"https:\/\/www.gruporecoletas.com\/noticias\/wp-content\/uploads\/2017\/10\/anemia.jpg","width":1400,"height":969},{"@type":"BreadcrumbList","@id":"https:\/\/www.gruporecoletas.com\/noticias\/la-anemia-podemos-prevenirla\/#breadcrumb","itemListElement":[{"@type":"ListItem","position":1,"name":"Portada","item":"https:\/\/www.gruporecoletas.com\/noticias\/"},{"@type":"ListItem","position":2,"name":"\u00bfQu\u00e9 es la anemia y c\u00f3mo podemos prevenirla?"}]},{"@type":"WebSite","@id":"https:\/\/www.gruporecoletas.com\/noticias\/#website","url":"https:\/\/www.gruporecoletas.com\/noticias\/","name":"Noticias Grupo Recoletas","description":"Grupo Recoletas","potentialAction":[{"@type":"SearchAction","target":{"@type":"EntryPoint","urlTemplate":"https:\/\/www.gruporecoletas.com\/noticias\/?s={search_term_string}"},"query-input":{"@type":"PropertyValueSpecification","valueRequired":true,"valueName":"search_term_string"}}],"inLanguage":"es"},{"@type":"Person","@id":"https:\/\/www.gruporecoletas.com\/noticias\/#\/schema\/person\/3c6ac429828d1f5e3d3bd99f4da9b02c","name":"Recoletas Red Hospitalaria","url":"https:\/\/www.gruporecoletas.com\/noticias\/author\/comunicacion\/"}]}},"_links":{"self":[{"href":"https:\/\/www.gruporecoletas.com\/noticias\/wp-json\/wp\/v2\/posts\/9809","targetHints":{"allow":["GET"]}}],"collection":[{"href":"https:\/\/www.gruporecoletas.com\/noticias\/wp-json\/wp\/v2\/posts"}],"about":[{"href":"https:\/\/www.gruporecoletas.com\/noticias\/wp-json\/wp\/v2\/types\/post"}],"author":[{"embeddable":true,"href":"https:\/\/www.gruporecoletas.com\/noticias\/wp-json\/wp\/v2\/users\/2"}],"replies":[{"embeddable":true,"href":"https:\/\/www.gruporecoletas.com\/noticias\/wp-json\/wp\/v2\/comments?post=9809"}],"version-history":[{"count":1,"href":"https:\/\/www.gruporecoletas.com\/noticias\/wp-json\/wp\/v2\/posts\/9809\/revisions"}],"predecessor-version":[{"id":11754,"href":"https:\/\/www.gruporecoletas.com\/noticias\/wp-json\/wp\/v2\/posts\/9809\/revisions\/11754"}],"wp:featuredmedia":[{"embeddable":true,"href":"https:\/\/www.gruporecoletas.com\/noticias\/wp-json\/wp\/v2\/media\/9810"}],"wp:attachment":[{"href":"https:\/\/www.gruporecoletas.com\/noticias\/wp-json\/wp\/v2\/media?parent=9809"}],"wp:term":[{"taxonomy":"category","embeddable":true,"href":"https:\/\/www.gruporecoletas.com\/noticias\/wp-json\/wp\/v2\/categories?post=9809"},{"taxonomy":"post_tag","embeddable":true,"href":"https:\/\/www.gruporecoletas.com\/noticias\/wp-json\/wp\/v2\/tags?post=9809"}],"curies":[{"name":"wp","href":"https:\/\/api.w.org\/{rel}","templated":true}]}}