{"id":9835,"date":"2017-11-10T17:39:18","date_gmt":"2017-11-10T15:39:18","guid":{"rendered":"https:\/\/www.gruporecoletas.com\/?p=9835"},"modified":"2017-11-10T17:39:18","modified_gmt":"2017-11-10T15:39:18","slug":"la-medicina-del-sueno-aula-la-salud-del-norte-castilla","status":"publish","type":"post","link":"https:\/\/www.gruporecoletas.com\/noticias\/la-medicina-del-sueno-aula-la-salud-del-norte-castilla\/","title":{"rendered":"\u00abLa Medicina del Sue\u00f1o\u00bb Aula de la Salud de la Doctora Laura Lillo"},"content":{"rendered":"<p><span class=\"_5mfr _47e3\">Ayer por la tarde se celebro\u00a0una nueva sesi\u00f3n de <em><strong>\u00abAula de la Salud\u00bb<\/strong> <\/em>organizadas por el <strong>Norte del Castilla<\/strong>. En esta ocasi\u00f3n contamos con la presencia de la\u00a0<strong>Doctora Laura Lillo<\/strong>, Neur\u00f3loga del <strong>Hospital Recoletas Segovia,\u00a0<\/strong>que hablo sobre\u00a0la <strong>\u00abMedicina del sue\u00f1o\u00bb<\/strong>.<\/span><\/p>\n<p>&nbsp;<\/p>\n<p><strong>\u00bfEn qu\u00e9 consiste a grandes rasgos la Medicina del Sue\u00f1o?<\/strong><\/p>\n<p>Es una disciplina que naci\u00f3 hace unos cincuenta a\u00f1os que principalmente se encarga del estudio, diagn\u00f3stico y tratamiento de los trastornos del sue\u00f1o. Es cierto que, en general, es desconocida incluso para los propios m\u00e9dicos; pero su \u00e1mbito es multidisciplinar, a diferencia de otras especialidades.<\/p>\n<p><strong>\u00bfQu\u00e9 especialidades confluyen en ella?<\/strong><\/p>\n<p>La neurofisiolog\u00eda fundamentalmente, as\u00ed como neum\u00f3logos, neur\u00f3logos, odont\u00f3logos, otorrinolaring\u00f3logos e incluso la cirug\u00eda maxilofacial, por ejemplo.<\/p>\n<p><strong>Como neur\u00f3loga, \u00bfqu\u00e9 aporta su especialidad a los objetivos de la Medicina del Sue\u00f1o?<\/strong><\/p>\n<p>Se hace un abordaje m\u00e1s desde el punto de vista de un cuadro integral. La verdad es que en Espa\u00f1a deber\u00edamos mejorar porque hay muy pocos profesionales dedicados en comparaci\u00f3n con otros pa\u00edses.<\/p>\n<p><strong>\u00bfA qu\u00e9 cree que obedece ese desconocimiento?<\/strong><\/p>\n<p>La Medicina del Sue\u00f1o y los trastornos que trata es como si estuvieran denostados porque, por un lado, los pacientes lo viven como algo personal y no lo consultan con el m\u00e9dico generalista. Luego, por otro lado, con frecuencia los m\u00e9dicos no lo consideran. Sin embargo, la privaci\u00f3n de sue\u00f1o entra\u00f1a malas consecuencias para la salud, y hay que tener en cuenta que el 40% de nuestro tiempo lo pasamos durmiendo.<\/p>\n<p><strong>\u00bfCu\u00e1les son los trastornos m\u00e1s frecuentes?<\/strong><\/p>\n<p>La mayor\u00eda de las consultas son por insomnio, por apnea de sue\u00f1o y por trastornos respiratorios. Luego hay otros casos como la narcolepsia o somnolencia excesiva, por ejemplo.<\/p>\n<p><strong>\u00bfLa siesta, por ejemplo, es un h\u00e1bito bueno o perjudicial para salud de una persona?<\/strong><\/p>\n<p>No es buena ni es mala. S\u00ed puede pasar que si se prolonga m\u00e1s de treinta minutos, puede privar del sue\u00f1o por la noche y no es deseable. Por un lado, est\u00e1n los ritmos circadianos que siguen un ciclo de unas 24 horas; y dentro del d\u00eda hay unos ritmos ultradianos que cada 45 minutos aproximadamente hacen que el nivel de alerta disminuya. Teniendo en cuenta esto, por ejemplo, cuando la Direcci\u00f3n General de Tr\u00e1fico dice que hay que descansar cada dos horas cuando se est\u00e1 al volante, en realidad tendr\u00eda que ser cada tres cuartos hora. Es algo fisiol\u00f3gico. A partir de los 5 o 6 a\u00f1os de edad la persona se puede organizar con un solo descanso diario.<\/p>\n<p><strong>Parece que los s\u00edntomas del sue\u00f1o tienen mala prensa.<\/strong><\/p>\n<p>Es cierto que est\u00e1 mal visto. El sue\u00f1o se percibe como desinter\u00e9s, vagancia o se identifica con una actitud pasiva; pero nada m\u00e1s lejos. Es necesario tener un descanso adecuado para poseer un nivel de alerta adecuado tambi\u00e9n. A nivel f\u00edsico, los trastornos del sue\u00f1o tienen muchas consecuencias, interfiere en las habilidades sociales y quienes los sufren se creen culpables. Esa mala imagen hace que, por ejemplo, pacientes con narcolepsia tarden en ser diagnosticados.<\/p>\n<p><strong>\u00bfCu\u00e1nto deber\u00eda durar ese descanso adecuado por la noche?<\/strong><\/p>\n<p>Est\u00e1 en funci\u00f3n de la edad y de la propia gen\u00e9tica. La duraci\u00f3n de la vigilia, es decir, de cuanto se est\u00e9 despierto tambi\u00e9n influye. Creo que siete horas diarias es suficiente. Luego hay gente que con cuatro o cinco horas tiene suficiente y no necesita ni tan siquiera siesta.<\/p>\n<p><strong>\u2013\u00bfSe puede aprender a dormir bien?<\/strong><\/p>\n<p>Hay que ense\u00f1ar a dormir a los j\u00f3venes. De ni\u00f1os est\u00e1n bien ense\u00f1ados y son los adultos los que se pierden y m\u00e1s tienen que aprender.    \t<\/p>\n","protected":false},"excerpt":{"rendered":"<p>Ayer por la tarde se celebro\u00a0una nueva sesi\u00f3n de \u00abAula de la Salud\u00bb organizadas por el Norte del Castilla. En esta ocasi\u00f3n contamos con la presencia de la\u00a0Doctora Laura Lillo, Neur\u00f3loga del Hospital Recoletas Segovia,\u00a0que hablo sobre\u00a0la \u00abMedicina del sue\u00f1o\u00bb. &nbsp; \u00bfEn qu\u00e9 consiste a grandes rasgos la Medicina del Sue\u00f1o? Es una disciplina que [&hellip;]<\/p>\n","protected":false},"author":2,"featured_media":9836,"comment_status":"closed","ping_status":"closed","sticky":false,"template":"","format":"standard","meta":{"_acf_changed":false,"footnotes":""},"categories":[5],"tags":[],"class_list":["post-9835","post","type-post","status-publish","format-standard","has-post-thumbnail","hentry","category-segovia"],"acf":[],"yoast_head":"<!-- This site is optimized with the Yoast SEO Premium plugin v27.3 (Yoast SEO v27.3) - https:\/\/yoast.com\/product\/yoast-seo-premium-wordpress\/ -->\n<title>&quot;La Medicina del Sue\u00f1o&quot; Aula de la Salud de la Doctora Laura Lillo - Noticias Grupo Recoletas<\/title>\n<meta name=\"robots\" content=\"index, follow, max-snippet:-1, max-image-preview:large, max-video-preview:-1\" \/>\n<link rel=\"canonical\" href=\"https:\/\/www.gruporecoletas.com\/noticias\/la-medicina-del-sueno-aula-la-salud-del-norte-castilla\/\" \/>\n<meta property=\"og:locale\" content=\"es_ES\" \/>\n<meta property=\"og:type\" content=\"article\" \/>\n<meta property=\"og:title\" content=\"&quot;La Medicina del Sue\u00f1o&quot; Aula de la Salud de la Doctora Laura Lillo\" \/>\n<meta property=\"og:description\" content=\"Ayer por la tarde se celebro\u00a0una nueva sesi\u00f3n de \u00abAula de la Salud\u00bb organizadas por el Norte del Castilla. En esta ocasi\u00f3n contamos con la presencia de la\u00a0Doctora Laura Lillo, Neur\u00f3loga del Hospital Recoletas Segovia,\u00a0que hablo sobre\u00a0la \u00abMedicina del sue\u00f1o\u00bb. &nbsp; \u00bfEn qu\u00e9 consiste a grandes rasgos la Medicina del Sue\u00f1o? Es una disciplina que [&hellip;]\" \/>\n<meta property=\"og:url\" content=\"https:\/\/www.gruporecoletas.com\/noticias\/la-medicina-del-sueno-aula-la-salud-del-norte-castilla\/\" \/>\n<meta property=\"og:site_name\" content=\"Noticias Grupo Recoletas\" \/>\n<meta property=\"article:publisher\" content=\"https:\/\/www.facebook.com\/GrupoRecoletas\/\" \/>\n<meta property=\"article:published_time\" content=\"2017-11-10T15:39:18+00:00\" \/>\n<meta property=\"og:image\" content=\"https:\/\/www.gruporecoletas.com\/noticias\/wp-content\/uploads\/2017\/11\/lauralillo.jpg\" \/>\n\t<meta property=\"og:image:width\" content=\"1296\" \/>\n\t<meta property=\"og:image:height\" content=\"972\" \/>\n\t<meta property=\"og:image:type\" content=\"image\/jpeg\" \/>\n<meta name=\"author\" content=\"Recoletas Red Hospitalaria\" \/>\n<meta name=\"twitter:card\" content=\"summary_large_image\" \/>\n<meta name=\"twitter:creator\" content=\"@GrupoRecoletas\" \/>\n<meta name=\"twitter:site\" content=\"@GrupoRecoletas\" \/>\n<meta name=\"twitter:label1\" content=\"Escrito por\" \/>\n\t<meta name=\"twitter:data1\" content=\"Recoletas Red Hospitalaria\" \/>\n\t<meta name=\"twitter:label2\" content=\"Tiempo de lectura\" \/>\n\t<meta name=\"twitter:data2\" content=\"3 minutos\" \/>\n<script type=\"application\/ld+json\" class=\"yoast-schema-graph\">{\"@context\":\"https:\\\/\\\/schema.org\",\"@graph\":[{\"@type\":\"Article\",\"@id\":\"https:\\\/\\\/www.gruporecoletas.com\\\/noticias\\\/la-medicina-del-sueno-aula-la-salud-del-norte-castilla\\\/#article\",\"isPartOf\":{\"@id\":\"https:\\\/\\\/www.gruporecoletas.com\\\/noticias\\\/la-medicina-del-sueno-aula-la-salud-del-norte-castilla\\\/\"},\"author\":{\"name\":\"Recoletas Red Hospitalaria\",\"@id\":\"https:\\\/\\\/www.gruporecoletas.com\\\/noticias\\\/#\\\/schema\\\/person\\\/3c6ac429828d1f5e3d3bd99f4da9b02c\"},\"headline\":\"\u00abLa Medicina del Sue\u00f1o\u00bb Aula de la Salud de la Doctora Laura Lillo\",\"datePublished\":\"2017-11-10T15:39:18+00:00\",\"mainEntityOfPage\":{\"@id\":\"https:\\\/\\\/www.gruporecoletas.com\\\/noticias\\\/la-medicina-del-sueno-aula-la-salud-del-norte-castilla\\\/\"},\"wordCount\":660,\"image\":{\"@id\":\"https:\\\/\\\/www.gruporecoletas.com\\\/noticias\\\/la-medicina-del-sueno-aula-la-salud-del-norte-castilla\\\/#primaryimage\"},\"thumbnailUrl\":\"https:\\\/\\\/www.gruporecoletas.com\\\/noticias\\\/wp-content\\\/uploads\\\/2017\\\/11\\\/lauralillo.jpg\",\"articleSection\":[\"Segovia\"],\"inLanguage\":\"es\"},{\"@type\":\"WebPage\",\"@id\":\"https:\\\/\\\/www.gruporecoletas.com\\\/noticias\\\/la-medicina-del-sueno-aula-la-salud-del-norte-castilla\\\/\",\"url\":\"https:\\\/\\\/www.gruporecoletas.com\\\/noticias\\\/la-medicina-del-sueno-aula-la-salud-del-norte-castilla\\\/\",\"name\":\"\\\"La Medicina del Sue\u00f1o\\\" Aula de la Salud de la Doctora Laura Lillo - Noticias Grupo Recoletas\",\"isPartOf\":{\"@id\":\"https:\\\/\\\/www.gruporecoletas.com\\\/noticias\\\/#website\"},\"primaryImageOfPage\":{\"@id\":\"https:\\\/\\\/www.gruporecoletas.com\\\/noticias\\\/la-medicina-del-sueno-aula-la-salud-del-norte-castilla\\\/#primaryimage\"},\"image\":{\"@id\":\"https:\\\/\\\/www.gruporecoletas.com\\\/noticias\\\/la-medicina-del-sueno-aula-la-salud-del-norte-castilla\\\/#primaryimage\"},\"thumbnailUrl\":\"https:\\\/\\\/www.gruporecoletas.com\\\/noticias\\\/wp-content\\\/uploads\\\/2017\\\/11\\\/lauralillo.jpg\",\"datePublished\":\"2017-11-10T15:39:18+00:00\",\"author\":{\"@id\":\"https:\\\/\\\/www.gruporecoletas.com\\\/noticias\\\/#\\\/schema\\\/person\\\/3c6ac429828d1f5e3d3bd99f4da9b02c\"},\"breadcrumb\":{\"@id\":\"https:\\\/\\\/www.gruporecoletas.com\\\/noticias\\\/la-medicina-del-sueno-aula-la-salud-del-norte-castilla\\\/#breadcrumb\"},\"inLanguage\":\"es\",\"potentialAction\":[{\"@type\":\"ReadAction\",\"target\":[\"https:\\\/\\\/www.gruporecoletas.com\\\/noticias\\\/la-medicina-del-sueno-aula-la-salud-del-norte-castilla\\\/\"]}]},{\"@type\":\"ImageObject\",\"inLanguage\":\"es\",\"@id\":\"https:\\\/\\\/www.gruporecoletas.com\\\/noticias\\\/la-medicina-del-sueno-aula-la-salud-del-norte-castilla\\\/#primaryimage\",\"url\":\"https:\\\/\\\/www.gruporecoletas.com\\\/noticias\\\/wp-content\\\/uploads\\\/2017\\\/11\\\/lauralillo.jpg\",\"contentUrl\":\"https:\\\/\\\/www.gruporecoletas.com\\\/noticias\\\/wp-content\\\/uploads\\\/2017\\\/11\\\/lauralillo.jpg\",\"width\":1296,\"height\":972},{\"@type\":\"BreadcrumbList\",\"@id\":\"https:\\\/\\\/www.gruporecoletas.com\\\/noticias\\\/la-medicina-del-sueno-aula-la-salud-del-norte-castilla\\\/#breadcrumb\",\"itemListElement\":[{\"@type\":\"ListItem\",\"position\":1,\"name\":\"Portada\",\"item\":\"https:\\\/\\\/www.gruporecoletas.com\\\/noticias\\\/\"},{\"@type\":\"ListItem\",\"position\":2,\"name\":\"\u00abLa Medicina del Sue\u00f1o\u00bb Aula de la Salud de la Doctora Laura Lillo\"}]},{\"@type\":\"WebSite\",\"@id\":\"https:\\\/\\\/www.gruporecoletas.com\\\/noticias\\\/#website\",\"url\":\"https:\\\/\\\/www.gruporecoletas.com\\\/noticias\\\/\",\"name\":\"Noticias Grupo Recoletas\",\"description\":\"Grupo Recoletas\",\"potentialAction\":[{\"@type\":\"SearchAction\",\"target\":{\"@type\":\"EntryPoint\",\"urlTemplate\":\"https:\\\/\\\/www.gruporecoletas.com\\\/noticias\\\/?s={search_term_string}\"},\"query-input\":{\"@type\":\"PropertyValueSpecification\",\"valueRequired\":true,\"valueName\":\"search_term_string\"}}],\"inLanguage\":\"es\"},{\"@type\":\"Person\",\"@id\":\"https:\\\/\\\/www.gruporecoletas.com\\\/noticias\\\/#\\\/schema\\\/person\\\/3c6ac429828d1f5e3d3bd99f4da9b02c\",\"name\":\"Recoletas Red Hospitalaria\",\"url\":\"https:\\\/\\\/www.gruporecoletas.com\\\/noticias\\\/author\\\/comunicacion\\\/\"}]}<\/script>\n<!-- \/ Yoast SEO Premium plugin. -->","yoast_head_json":{"title":"\"La Medicina del Sue\u00f1o\" Aula de la Salud de la Doctora Laura Lillo - Noticias Grupo Recoletas","robots":{"index":"index","follow":"follow","max-snippet":"max-snippet:-1","max-image-preview":"max-image-preview:large","max-video-preview":"max-video-preview:-1"},"canonical":"https:\/\/www.gruporecoletas.com\/noticias\/la-medicina-del-sueno-aula-la-salud-del-norte-castilla\/","og_locale":"es_ES","og_type":"article","og_title":"\"La Medicina del Sue\u00f1o\" Aula de la Salud de la Doctora Laura Lillo","og_description":"Ayer por la tarde se celebro\u00a0una nueva sesi\u00f3n de \u00abAula de la Salud\u00bb organizadas por el Norte del Castilla. En esta ocasi\u00f3n contamos con la presencia de la\u00a0Doctora Laura Lillo, Neur\u00f3loga del Hospital Recoletas Segovia,\u00a0que hablo sobre\u00a0la \u00abMedicina del sue\u00f1o\u00bb. &nbsp; \u00bfEn qu\u00e9 consiste a grandes rasgos la Medicina del Sue\u00f1o? Es una disciplina que [&hellip;]","og_url":"https:\/\/www.gruporecoletas.com\/noticias\/la-medicina-del-sueno-aula-la-salud-del-norte-castilla\/","og_site_name":"Noticias Grupo Recoletas","article_publisher":"https:\/\/www.facebook.com\/GrupoRecoletas\/","article_published_time":"2017-11-10T15:39:18+00:00","og_image":[{"width":1296,"height":972,"url":"https:\/\/www.gruporecoletas.com\/noticias\/wp-content\/uploads\/2017\/11\/lauralillo.jpg","type":"image\/jpeg"}],"author":"Recoletas Red Hospitalaria","twitter_card":"summary_large_image","twitter_creator":"@GrupoRecoletas","twitter_site":"@GrupoRecoletas","twitter_misc":{"Escrito por":"Recoletas Red Hospitalaria","Tiempo de lectura":"3 minutos"},"schema":{"@context":"https:\/\/schema.org","@graph":[{"@type":"Article","@id":"https:\/\/www.gruporecoletas.com\/noticias\/la-medicina-del-sueno-aula-la-salud-del-norte-castilla\/#article","isPartOf":{"@id":"https:\/\/www.gruporecoletas.com\/noticias\/la-medicina-del-sueno-aula-la-salud-del-norte-castilla\/"},"author":{"name":"Recoletas Red Hospitalaria","@id":"https:\/\/www.gruporecoletas.com\/noticias\/#\/schema\/person\/3c6ac429828d1f5e3d3bd99f4da9b02c"},"headline":"\u00abLa Medicina del Sue\u00f1o\u00bb Aula de la Salud de la Doctora Laura Lillo","datePublished":"2017-11-10T15:39:18+00:00","mainEntityOfPage":{"@id":"https:\/\/www.gruporecoletas.com\/noticias\/la-medicina-del-sueno-aula-la-salud-del-norte-castilla\/"},"wordCount":660,"image":{"@id":"https:\/\/www.gruporecoletas.com\/noticias\/la-medicina-del-sueno-aula-la-salud-del-norte-castilla\/#primaryimage"},"thumbnailUrl":"https:\/\/www.gruporecoletas.com\/noticias\/wp-content\/uploads\/2017\/11\/lauralillo.jpg","articleSection":["Segovia"],"inLanguage":"es"},{"@type":"WebPage","@id":"https:\/\/www.gruporecoletas.com\/noticias\/la-medicina-del-sueno-aula-la-salud-del-norte-castilla\/","url":"https:\/\/www.gruporecoletas.com\/noticias\/la-medicina-del-sueno-aula-la-salud-del-norte-castilla\/","name":"\"La Medicina del Sue\u00f1o\" Aula de la Salud de la Doctora Laura Lillo - Noticias Grupo Recoletas","isPartOf":{"@id":"https:\/\/www.gruporecoletas.com\/noticias\/#website"},"primaryImageOfPage":{"@id":"https:\/\/www.gruporecoletas.com\/noticias\/la-medicina-del-sueno-aula-la-salud-del-norte-castilla\/#primaryimage"},"image":{"@id":"https:\/\/www.gruporecoletas.com\/noticias\/la-medicina-del-sueno-aula-la-salud-del-norte-castilla\/#primaryimage"},"thumbnailUrl":"https:\/\/www.gruporecoletas.com\/noticias\/wp-content\/uploads\/2017\/11\/lauralillo.jpg","datePublished":"2017-11-10T15:39:18+00:00","author":{"@id":"https:\/\/www.gruporecoletas.com\/noticias\/#\/schema\/person\/3c6ac429828d1f5e3d3bd99f4da9b02c"},"breadcrumb":{"@id":"https:\/\/www.gruporecoletas.com\/noticias\/la-medicina-del-sueno-aula-la-salud-del-norte-castilla\/#breadcrumb"},"inLanguage":"es","potentialAction":[{"@type":"ReadAction","target":["https:\/\/www.gruporecoletas.com\/noticias\/la-medicina-del-sueno-aula-la-salud-del-norte-castilla\/"]}]},{"@type":"ImageObject","inLanguage":"es","@id":"https:\/\/www.gruporecoletas.com\/noticias\/la-medicina-del-sueno-aula-la-salud-del-norte-castilla\/#primaryimage","url":"https:\/\/www.gruporecoletas.com\/noticias\/wp-content\/uploads\/2017\/11\/lauralillo.jpg","contentUrl":"https:\/\/www.gruporecoletas.com\/noticias\/wp-content\/uploads\/2017\/11\/lauralillo.jpg","width":1296,"height":972},{"@type":"BreadcrumbList","@id":"https:\/\/www.gruporecoletas.com\/noticias\/la-medicina-del-sueno-aula-la-salud-del-norte-castilla\/#breadcrumb","itemListElement":[{"@type":"ListItem","position":1,"name":"Portada","item":"https:\/\/www.gruporecoletas.com\/noticias\/"},{"@type":"ListItem","position":2,"name":"\u00abLa Medicina del Sue\u00f1o\u00bb Aula de la Salud de la Doctora Laura Lillo"}]},{"@type":"WebSite","@id":"https:\/\/www.gruporecoletas.com\/noticias\/#website","url":"https:\/\/www.gruporecoletas.com\/noticias\/","name":"Noticias Grupo Recoletas","description":"Grupo Recoletas","potentialAction":[{"@type":"SearchAction","target":{"@type":"EntryPoint","urlTemplate":"https:\/\/www.gruporecoletas.com\/noticias\/?s={search_term_string}"},"query-input":{"@type":"PropertyValueSpecification","valueRequired":true,"valueName":"search_term_string"}}],"inLanguage":"es"},{"@type":"Person","@id":"https:\/\/www.gruporecoletas.com\/noticias\/#\/schema\/person\/3c6ac429828d1f5e3d3bd99f4da9b02c","name":"Recoletas Red Hospitalaria","url":"https:\/\/www.gruporecoletas.com\/noticias\/author\/comunicacion\/"}]}},"_links":{"self":[{"href":"https:\/\/www.gruporecoletas.com\/noticias\/wp-json\/wp\/v2\/posts\/9835","targetHints":{"allow":["GET"]}}],"collection":[{"href":"https:\/\/www.gruporecoletas.com\/noticias\/wp-json\/wp\/v2\/posts"}],"about":[{"href":"https:\/\/www.gruporecoletas.com\/noticias\/wp-json\/wp\/v2\/types\/post"}],"author":[{"embeddable":true,"href":"https:\/\/www.gruporecoletas.com\/noticias\/wp-json\/wp\/v2\/users\/2"}],"replies":[{"embeddable":true,"href":"https:\/\/www.gruporecoletas.com\/noticias\/wp-json\/wp\/v2\/comments?post=9835"}],"version-history":[{"count":0,"href":"https:\/\/www.gruporecoletas.com\/noticias\/wp-json\/wp\/v2\/posts\/9835\/revisions"}],"wp:featuredmedia":[{"embeddable":true,"href":"https:\/\/www.gruporecoletas.com\/noticias\/wp-json\/wp\/v2\/media\/9836"}],"wp:attachment":[{"href":"https:\/\/www.gruporecoletas.com\/noticias\/wp-json\/wp\/v2\/media?parent=9835"}],"wp:term":[{"taxonomy":"category","embeddable":true,"href":"https:\/\/www.gruporecoletas.com\/noticias\/wp-json\/wp\/v2\/categories?post=9835"},{"taxonomy":"post_tag","embeddable":true,"href":"https:\/\/www.gruporecoletas.com\/noticias\/wp-json\/wp\/v2\/tags?post=9835"}],"curies":[{"name":"wp","href":"https:\/\/api.w.org\/{rel}","templated":true}]}}